{"id":9740,"date":"2024-11-29T06:39:54","date_gmt":"2024-11-29T06:39:54","guid":{"rendered":"https:\/\/salutdobrogea.ro\/?p=9740"},"modified":"2024-11-29T06:39:54","modified_gmt":"2024-11-29T06:39:54","slug":"spectacol-de-craciun-la-centrul-jean-constantin-monica-anghel-si-brauletul-cap-de-afis","status":"publish","type":"post","link":"https:\/\/salutdobrogea.ro\/index.php\/2024\/11\/29\/spectacol-de-craciun-la-centrul-jean-constantin-monica-anghel-si-brauletul-cap-de-afis\/","title":{"rendered":"Spectacol de Cr\u0103ciun la Centrul \u201cJean Constantin&#8221;: Monica Anghel \u0219i \u201cBr\u00e2ule\u021bul\u201d, cap de afi\u0219"},"content":{"rendered":"<p><strong>Magia s\u0103rb\u0103torilor de iarn\u0103 prinde via\u021b\u0103 \u00eentr-un eveniment artistic de excep\u021bie, dedicat tradi\u021biilor \u0219i valorilor autentice rom\u00e2ne\u0219ti. Pe data de 12 decembrie 2024, ora 18.00, la Centrul Multifunc\u0163ional Educativ pentru Tineret \u201eJean Constantin\u201d publicul este invitat s\u0103 participe la un spectacol festiv memorabil, care reune\u0219te pe aceea\u0219i scen\u0103 arti\u0219ti consacra\u021bi.<\/strong><\/p>\n<p>Organizat de Centrul Cultural Jude\u021bean Constan\u021ba \u201eTeodor T. Burada\u201d cu sprijinul Consiliului Jude\u021bean Constan\u021ba, spectacolul \u00ee\u0219i propune s\u0103 aduc\u0103 spiritul s\u0103rb\u0103torilor mai aproape de inimile spectatorilor. Ansamblul Folcloric Profesionist \u201eBr\u00e2ule\u0163ul\u201d, sub bagheta maestrului Cristian Obrejan, va oferi un melanj unic de muzic\u0103, dans \u0219i colinde, interpretate cu virtuozitate al\u0103turi de arti\u0219ti renumi\u021bi precum Monica Anghel, Marius Ciprian Pop \u0219i Elena Pl\u0103tic\u0103. \u00cen recital vor evolua \u0219i arti\u0219tii Ansamblului Artistic Profesionist \u201eConstantin Arvinte\u201d al Consiliului Jude\u021bean Ia\u0219i, o institu\u021bie de prestigiu \u00een peisajul cultural rom\u00e2nesc, consacrat\u0103 p\u0103str\u0103rii \u0219i promov\u0103rii patrimoniului folcloric na\u021bional. Monica Anghel este una dintre cele mai \u00eendr\u0103gite c\u00e2nt\u0103re\u021be din Rom\u00e2nia, cunoscut\u0103 pentru vocea sa puternic\u0103 \u0219i carisma de pe scen\u0103. A reprezentat Rom\u00e2nia la Eurovision \u00een 2002 \u0219i a devenit un nume de referin\u021b\u0103 \u00een muzica rom\u00e2neasc\u0103, colabor\u00e2nd cu arti\u0219ti de renume \u0219i d\u00e2nd via\u021b\u0103 unor personaje celebre \u00een filmele Disney. Marius Ciprian Pop este un talentat c\u00e2nt\u0103re\u021b rom\u00e2n, cunoscut pentru interpretarea muzicii populare autentice. N\u0103scut la Cluj-Napoca, a crescut \u00eentr-un sat din Transilvania, unde a \u00eenv\u0103\u021bat s\u0103 c\u00e2nte \u0219i s\u0103 se roage. A urmat Seminarul Teologic \u0219i studii de canto, iar muzica a devenit pentru el o form\u0103 de exprimare a credin\u021bei. Elena Pl\u0103tic\u0103 este solist\u0103 a Ansamblului Folcloric Profesionist \u201eBr\u00e2ule\u021bul\u201d \u0219i o apreciat\u0103 profesoar\u0103 de muzic\u0103 popular\u0103 din Dobrogea. Cu o carier\u0103 de peste 25 de ani, ea promoveaz\u0103 tradi\u021biile \u0219i cultura rom\u00e2neasc\u0103 prin interpret\u0103ri autentice \u0219i prin activitatea educa\u021bional\u0103.<\/p>\n<p><strong>Magia Cr\u0103ciunului: Colinde tradi\u021bionale \u0219i dansuri populare <\/strong><\/p>\n<p>Programul spectacolului este conceput pentru a oferi o experien\u021b\u0103 cultural\u0103 ce include colinde tradi\u021bionale care redau autenticitatea s\u0103rb\u0103torilor de iarn\u0103, dansuri populare specifice diverselor regiuni ale Rom\u00e2niei \u0219i momente muzicale speciale, \u00een care se \u00eembin\u0103 sensibilitatea folcloric\u0103 cu ritmurile moderne. Prin acest spectacol, Centrul Cultural Jude\u0163ean Constan\u0163a \u201eTeodor T. Burada\u201d dore\u0219te s\u0103 readuc\u0103 \u00een inimile oamenilor esen\u021ba Cr\u0103ciunului, s\u0103 celebreze frumuse\u021bea tradi\u021biilor noastre \u0219i s\u0103 ofere o sear\u0103 magic\u0103, \u00een care emo\u021bia \u0219i bucuria s\u0103 fie la ele acas\u0103.<\/p>\n<p>Laura Abibula-Stroe, Director General al Centrul Cultural Jude\u021bean Constan\u021ba \u201eTeodor T. Burada\u201d invit\u0103 publicul const\u0103n\u021bean s\u0103 se lase purtat de magia s\u0103rb\u0103torilor \u00eentr-o sear\u0103 vibrant\u0103, plin\u0103 de momente inedite: \u201ePrin art\u0103, muzic\u0103, dans \u0219i tradi\u021bii, ne reamintim c\u0103 fiecare contribu\u021bie cultural\u0103, fie ea local\u0103 sau venit\u0103 din alte col\u021buri ale lumii, adaug\u0103 culoare tabloului umanit\u0103\u021bii. Participarea la astfel de evenimente \u00eenseamn\u0103 mai mult dec\u00e2t a privi un spectacol \u2013 \u00eenseamn\u0103 a tr\u0103i emo\u021bia, a \u00eemp\u0103rt\u0103\u0219i bucuria \u0219i a sim\u021bi c\u0103 apar\u021binem unui \u00eentreg, construit din pove\u0219ti, tradi\u021bii, obiceiuri \u0219i valori. S\u0103 celebr\u0103m \u00eempreun\u0103 spiritul s\u0103rb\u0103torilor, cu inima deschis\u0103 c\u0103tre ceilal\u021bi, recunosc\u0103tori pentru bog\u0103\u021bia pe care diversitatea cultural\u0103 o aduce \u00een vie\u021bile noastre\u201d.<\/p>\n<p>Publicul este \u00eendrumat s\u0103 achizi\u021bioneze biletele online de pe link-ul:<\/p>\n<p><a href=\"https:\/\/www.centruljeanconstantin.ro\/eveniment\/spectacol-de-craciun-ansamblului-folcloric-profesionist-brauletul\">https:\/\/www.centruljeanconstantin.ro\/eveniment\/spectacol-de-craciun-ansamblului-folcloric-profesionist-brauletul<\/a><\/p>\n<p>sau de la casieria Centrului Multifunc\u021bional Educativ pentru Tineret \u201eJean Constantin\u201d. Pre\u021bul unui bilet \u00eentreg (adult): 40 lei, pentru pensionari: 20 de lei, iar pentru elevi sau studen\u021bi: 10 lei. V\u0103 recomand\u0103m s\u0103 v\u0103 asigura\u021bi locurile din timp, deoarece acest spectacol unic promite s\u0103 fie unul dintre cele mai a\u0219teptate momente culturale ale sezonului.<\/p>\n<p>Program casierie:<\/p>\n<p>Joi &#8211; Vineri 17.00 &#8211; 20.00<\/p>\n<p>S\u00e2mb\u0103t\u0103 &#8211; Duminic\u0103 10.00 &#8211; 20.00<\/p>\n<p>*\u00cen zilele de 30 noiembrie \u0219i 1 decembrie, biletele se v\u00e2nd exclusiv online<\/p>\n<p><strong>\u00a0<\/strong><\/p>\n","protected":false},"excerpt":{"rendered":"<p>Magia s\u0103rb\u0103torilor de iarn\u0103 prinde via\u021b\u0103 \u00eentr-un eveniment artistic de excep\u021bie, dedicat tradi\u021biilor \u0219i valorilor autentice rom\u00e2ne\u0219ti. Pe data de 12 decembrie 2024, ora 18.00,<\/p>\n","protected":false},"author":1,"featured_media":9741,"comment_status":"open","ping_status":"closed","sticky":false,"template":"","format":"standard","meta":{"footnotes":""},"categories":[23],"tags":[1555,579,1553,505,440,1637,1636,526],"class_list":["post-9740","post","type-post","status-publish","format-standard","has-post-thumbnail","hentry","category-cultura","tag-brauletul","tag-centrul-cultural-judetean-teodor-t-burada","tag-centrul-multifunctional-jean-constantin","tag-colinde","tag-craciun","tag-dansuri-populare","tag-monica-anghel","tag-spectacol"],"yoast_head":"<!-- This site is optimized with the Yoast SEO plugin v27.2 - https:\/\/yoast.com\/product\/yoast-seo-wordpress\/ -->\n<title>Spectacol de Cr\u0103ciun la Centrul \u201cJean Constantin&quot;: Monica Anghel \u0219i \u201cBr\u00e2ule\u021bul\u201d, cap de afi\u0219 - SALUT DOBROGEA!<\/title>\n<meta name=\"description\" content=\"Pe12 decembrie, magia Cr\u0103ciunului prinde via\u021b\u0103 la Centrul \u201eJean Constantin\u201d, pe a c\u0103rui scen\u0103 vor urca Monica Anghel \u0219i Br\u00e2ule\u021bul.\" \/>\n<meta name=\"robots\" content=\"index, follow, max-snippet:-1, max-image-preview:large, max-video-preview:-1\" \/>\n<link rel=\"canonical\" href=\"https:\/\/salutdobrogea.ro\/index.php\/2024\/11\/29\/spectacol-de-craciun-la-centrul-jean-constantin-monica-anghel-si-brauletul-cap-de-afis\/\" \/>\n<meta property=\"og:locale\" content=\"ro_RO\" \/>\n<meta property=\"og:type\" content=\"article\" \/>\n<meta property=\"og:title\" content=\"Spectacol de Cr\u0103ciun la Centrul \u201cJean Constantin&quot;: Monica Anghel \u0219i \u201cBr\u00e2ule\u021bul\u201d, cap de afi\u0219 - SALUT DOBROGEA!\" \/>\n<meta property=\"og:description\" content=\"Pe12 decembrie, magia Cr\u0103ciunului prinde via\u021b\u0103 la Centrul \u201eJean Constantin\u201d, pe a c\u0103rui scen\u0103 vor urca Monica Anghel \u0219i Br\u00e2ule\u021bul.\" \/>\n<meta property=\"og:url\" content=\"https:\/\/salutdobrogea.ro\/index.php\/2024\/11\/29\/spectacol-de-craciun-la-centrul-jean-constantin-monica-anghel-si-brauletul-cap-de-afis\/\" \/>\n<meta property=\"og:site_name\" content=\"SALUT DOBROGEA!\" \/>\n<meta property=\"article:publisher\" content=\"https:\/\/www.facebook.com\/Salut-Dobrogea-ziar-regional-109038338217571\" \/>\n<meta property=\"article:published_time\" content=\"2024-11-29T06:39:54+00:00\" \/>\n<meta property=\"og:image\" content=\"https:\/\/salutdobrogea.ro\/wp-content\/uploads\/2024\/11\/afis-craciun.jpg\" \/>\n\t<meta property=\"og:image:width\" content=\"1088\" \/>\n\t<meta property=\"og:image:height\" content=\"1600\" \/>\n\t<meta property=\"og:image:type\" content=\"image\/jpeg\" \/>\n<meta name=\"author\" content=\"admin\" \/>\n<meta name=\"twitter:card\" content=\"summary_large_image\" \/>\n<meta name=\"twitter:label1\" content=\"Scris de\" \/>\n\t<meta name=\"twitter:data1\" content=\"admin\" \/>\n\t<meta name=\"twitter:label2\" content=\"Timp estimat pentru citire\" \/>\n\t<meta name=\"twitter:data2\" content=\"4 minute\" \/>\n<script type=\"application\/ld+json\" class=\"yoast-schema-graph\">{\"@context\":\"https:\/\/schema.org\",\"@graph\":[{\"@type\":\"Article\",\"@id\":\"https:\/\/salutdobrogea.ro\/index.php\/2024\/11\/29\/spectacol-de-craciun-la-centrul-jean-constantin-monica-anghel-si-brauletul-cap-de-afis\/#article\",\"isPartOf\":{\"@id\":\"https:\/\/salutdobrogea.ro\/index.php\/2024\/11\/29\/spectacol-de-craciun-la-centrul-jean-constantin-monica-anghel-si-brauletul-cap-de-afis\/\"},\"author\":{\"name\":\"admin\",\"@id\":\"https:\/\/salutdobrogea.ro\/#\/schema\/person\/bbcddc03d690946f9e40b57dd55a08fa\"},\"headline\":\"Spectacol de Cr\u0103ciun la Centrul \u201cJean Constantin&#8221;: Monica Anghel \u0219i \u201cBr\u00e2ule\u021bul\u201d, cap de afi\u0219\",\"datePublished\":\"2024-11-29T06:39:54+00:00\",\"mainEntityOfPage\":{\"@id\":\"https:\/\/salutdobrogea.ro\/index.php\/2024\/11\/29\/spectacol-de-craciun-la-centrul-jean-constantin-monica-anghel-si-brauletul-cap-de-afis\/\"},\"wordCount\":688,\"commentCount\":0,\"publisher\":{\"@id\":\"https:\/\/salutdobrogea.ro\/#organization\"},\"image\":{\"@id\":\"https:\/\/salutdobrogea.ro\/index.php\/2024\/11\/29\/spectacol-de-craciun-la-centrul-jean-constantin-monica-anghel-si-brauletul-cap-de-afis\/#primaryimage\"},\"thumbnailUrl\":\"https:\/\/salutdobrogea.ro\/wp-content\/uploads\/2024\/11\/afis-craciun.jpg\",\"keywords\":[\"Br\u00e2ule\u021bul\",\"Centrul Cultural Jude\u021bean Teodor T Burada\",\"Centrul Multifunc\u021bional Jean Constantin\",\"colinde\",\"Cr\u0103ciun\",\"dansuri populare\",\"Monica Anghel\",\"spectacol\"],\"articleSection\":[\"Cultur\u0103\"],\"inLanguage\":\"ro-RO\",\"potentialAction\":[{\"@type\":\"CommentAction\",\"name\":\"Comment\",\"target\":[\"https:\/\/salutdobrogea.ro\/index.php\/2024\/11\/29\/spectacol-de-craciun-la-centrul-jean-constantin-monica-anghel-si-brauletul-cap-de-afis\/#respond\"]}]},{\"@type\":\"WebPage\",\"@id\":\"https:\/\/salutdobrogea.ro\/index.php\/2024\/11\/29\/spectacol-de-craciun-la-centrul-jean-constantin-monica-anghel-si-brauletul-cap-de-afis\/\",\"url\":\"https:\/\/salutdobrogea.ro\/index.php\/2024\/11\/29\/spectacol-de-craciun-la-centrul-jean-constantin-monica-anghel-si-brauletul-cap-de-afis\/\",\"name\":\"Spectacol de Cr\u0103ciun la Centrul \u201cJean Constantin\\\": Monica Anghel \u0219i \u201cBr\u00e2ule\u021bul\u201d, cap de afi\u0219 - SALUT DOBROGEA!\",\"isPartOf\":{\"@id\":\"https:\/\/salutdobrogea.ro\/#website\"},\"primaryImageOfPage\":{\"@id\":\"https:\/\/salutdobrogea.ro\/index.php\/2024\/11\/29\/spectacol-de-craciun-la-centrul-jean-constantin-monica-anghel-si-brauletul-cap-de-afis\/#primaryimage\"},\"image\":{\"@id\":\"https:\/\/salutdobrogea.ro\/index.php\/2024\/11\/29\/spectacol-de-craciun-la-centrul-jean-constantin-monica-anghel-si-brauletul-cap-de-afis\/#primaryimage\"},\"thumbnailUrl\":\"https:\/\/salutdobrogea.ro\/wp-content\/uploads\/2024\/11\/afis-craciun.jpg\",\"datePublished\":\"2024-11-29T06:39:54+00:00\",\"description\":\"Pe12 decembrie, magia Cr\u0103ciunului prinde via\u021b\u0103 la Centrul \u201eJean Constantin\u201d, pe a c\u0103rui scen\u0103 vor urca Monica Anghel \u0219i Br\u00e2ule\u021bul.\",\"breadcrumb\":{\"@id\":\"https:\/\/salutdobrogea.ro\/index.php\/2024\/11\/29\/spectacol-de-craciun-la-centrul-jean-constantin-monica-anghel-si-brauletul-cap-de-afis\/#breadcrumb\"},\"inLanguage\":\"ro-RO\",\"potentialAction\":[{\"@type\":\"ReadAction\",\"target\":[\"https:\/\/salutdobrogea.ro\/index.php\/2024\/11\/29\/spectacol-de-craciun-la-centrul-jean-constantin-monica-anghel-si-brauletul-cap-de-afis\/\"]}]},{\"@type\":\"ImageObject\",\"inLanguage\":\"ro-RO\",\"@id\":\"https:\/\/salutdobrogea.ro\/index.php\/2024\/11\/29\/spectacol-de-craciun-la-centrul-jean-constantin-monica-anghel-si-brauletul-cap-de-afis\/#primaryimage\",\"url\":\"https:\/\/salutdobrogea.ro\/wp-content\/uploads\/2024\/11\/afis-craciun.jpg\",\"contentUrl\":\"https:\/\/salutdobrogea.ro\/wp-content\/uploads\/2024\/11\/afis-craciun.jpg\",\"width\":1088,\"height\":1600},{\"@type\":\"BreadcrumbList\",\"@id\":\"https:\/\/salutdobrogea.ro\/index.php\/2024\/11\/29\/spectacol-de-craciun-la-centrul-jean-constantin-monica-anghel-si-brauletul-cap-de-afis\/#breadcrumb\",\"itemListElement\":[{\"@type\":\"ListItem\",\"position\":1,\"name\":\"Prima pagin\u0103\",\"item\":\"https:\/\/salutdobrogea.ro\/\"},{\"@type\":\"ListItem\",\"position\":2,\"name\":\"Spectacol de Cr\u0103ciun la Centrul \u201cJean Constantin&#8221;: Monica Anghel \u0219i \u201cBr\u00e2ule\u021bul\u201d, cap de afi\u0219\"}]},{\"@type\":\"WebSite\",\"@id\":\"https:\/\/salutdobrogea.ro\/#website\",\"url\":\"https:\/\/salutdobrogea.ro\/\",\"name\":\"SALUT DOBROGEA!\",\"description\":\"ziar de informare \u0219i atitudine\",\"publisher\":{\"@id\":\"https:\/\/salutdobrogea.ro\/#organization\"},\"potentialAction\":[{\"@type\":\"SearchAction\",\"target\":{\"@type\":\"EntryPoint\",\"urlTemplate\":\"https:\/\/salutdobrogea.ro\/?s={search_term_string}\"},\"query-input\":{\"@type\":\"PropertyValueSpecification\",\"valueRequired\":true,\"valueName\":\"search_term_string\"}}],\"inLanguage\":\"ro-RO\"},{\"@type\":\"Organization\",\"@id\":\"https:\/\/salutdobrogea.ro\/#organization\",\"name\":\"SALUT DOBROGEA!\",\"url\":\"https:\/\/salutdobrogea.ro\/\",\"logo\":{\"@type\":\"ImageObject\",\"inLanguage\":\"ro-RO\",\"@id\":\"https:\/\/salutdobrogea.ro\/#\/schema\/logo\/image\/\",\"url\":\"https:\/\/salutdobrogea.ro\/wp-content\/uploads\/2021\/09\/Logo-SD_Left-Dark.png\",\"contentUrl\":\"https:\/\/salutdobrogea.ro\/wp-content\/uploads\/2021\/09\/Logo-SD_Left-Dark.png\",\"width\":3978,\"height\":840,\"caption\":\"SALUT DOBROGEA!\"},\"image\":{\"@id\":\"https:\/\/salutdobrogea.ro\/#\/schema\/logo\/image\/\"},\"sameAs\":[\"https:\/\/www.facebook.com\/Salut-Dobrogea-ziar-regional-109038338217571\"]},{\"@type\":\"Person\",\"@id\":\"https:\/\/salutdobrogea.ro\/#\/schema\/person\/bbcddc03d690946f9e40b57dd55a08fa\",\"name\":\"admin\",\"image\":{\"@type\":\"ImageObject\",\"inLanguage\":\"ro-RO\",\"@id\":\"https:\/\/secure.gravatar.com\/avatar\/46f1f00f48c1d950f263e68956bca86a82b2ae8bece37a0ffe8ce76176036613?s=96&d=mm&r=g\",\"url\":\"https:\/\/secure.gravatar.com\/avatar\/46f1f00f48c1d950f263e68956bca86a82b2ae8bece37a0ffe8ce76176036613?s=96&d=mm&r=g\",\"contentUrl\":\"https:\/\/secure.gravatar.com\/avatar\/46f1f00f48c1d950f263e68956bca86a82b2ae8bece37a0ffe8ce76176036613?s=96&d=mm&r=g\",\"caption\":\"admin\"},\"sameAs\":[\"https:\/\/salutdobrogea.ro\"],\"url\":\"https:\/\/salutdobrogea.ro\/index.php\/author\/admin\/\"}]}<\/script>\n<!-- \/ Yoast SEO plugin. -->","yoast_head_json":{"title":"Spectacol de Cr\u0103ciun la Centrul \u201cJean Constantin\": Monica Anghel \u0219i \u201cBr\u00e2ule\u021bul\u201d, cap de afi\u0219 - SALUT DOBROGEA!","description":"Pe12 decembrie, magia Cr\u0103ciunului prinde via\u021b\u0103 la Centrul \u201eJean Constantin\u201d, pe a c\u0103rui scen\u0103 vor urca Monica Anghel \u0219i Br\u00e2ule\u021bul.","robots":{"index":"index","follow":"follow","max-snippet":"max-snippet:-1","max-image-preview":"max-image-preview:large","max-video-preview":"max-video-preview:-1"},"canonical":"https:\/\/salutdobrogea.ro\/index.php\/2024\/11\/29\/spectacol-de-craciun-la-centrul-jean-constantin-monica-anghel-si-brauletul-cap-de-afis\/","og_locale":"ro_RO","og_type":"article","og_title":"Spectacol de Cr\u0103ciun la Centrul \u201cJean Constantin\": Monica Anghel \u0219i \u201cBr\u00e2ule\u021bul\u201d, cap de afi\u0219 - SALUT DOBROGEA!","og_description":"Pe12 decembrie, magia Cr\u0103ciunului prinde via\u021b\u0103 la Centrul \u201eJean Constantin\u201d, pe a c\u0103rui scen\u0103 vor urca Monica Anghel \u0219i Br\u00e2ule\u021bul.","og_url":"https:\/\/salutdobrogea.ro\/index.php\/2024\/11\/29\/spectacol-de-craciun-la-centrul-jean-constantin-monica-anghel-si-brauletul-cap-de-afis\/","og_site_name":"SALUT DOBROGEA!","article_publisher":"https:\/\/www.facebook.com\/Salut-Dobrogea-ziar-regional-109038338217571","article_published_time":"2024-11-29T06:39:54+00:00","og_image":[{"width":1088,"height":1600,"url":"https:\/\/salutdobrogea.ro\/wp-content\/uploads\/2024\/11\/afis-craciun.jpg","type":"image\/jpeg"}],"author":"admin","twitter_card":"summary_large_image","twitter_misc":{"Scris de":"admin","Timp estimat pentru citire":"4 minute"},"schema":{"@context":"https:\/\/schema.org","@graph":[{"@type":"Article","@id":"https:\/\/salutdobrogea.ro\/index.php\/2024\/11\/29\/spectacol-de-craciun-la-centrul-jean-constantin-monica-anghel-si-brauletul-cap-de-afis\/#article","isPartOf":{"@id":"https:\/\/salutdobrogea.ro\/index.php\/2024\/11\/29\/spectacol-de-craciun-la-centrul-jean-constantin-monica-anghel-si-brauletul-cap-de-afis\/"},"author":{"name":"admin","@id":"https:\/\/salutdobrogea.ro\/#\/schema\/person\/bbcddc03d690946f9e40b57dd55a08fa"},"headline":"Spectacol de Cr\u0103ciun la Centrul \u201cJean Constantin&#8221;: Monica Anghel \u0219i \u201cBr\u00e2ule\u021bul\u201d, cap de afi\u0219","datePublished":"2024-11-29T06:39:54+00:00","mainEntityOfPage":{"@id":"https:\/\/salutdobrogea.ro\/index.php\/2024\/11\/29\/spectacol-de-craciun-la-centrul-jean-constantin-monica-anghel-si-brauletul-cap-de-afis\/"},"wordCount":688,"commentCount":0,"publisher":{"@id":"https:\/\/salutdobrogea.ro\/#organization"},"image":{"@id":"https:\/\/salutdobrogea.ro\/index.php\/2024\/11\/29\/spectacol-de-craciun-la-centrul-jean-constantin-monica-anghel-si-brauletul-cap-de-afis\/#primaryimage"},"thumbnailUrl":"https:\/\/salutdobrogea.ro\/wp-content\/uploads\/2024\/11\/afis-craciun.jpg","keywords":["Br\u00e2ule\u021bul","Centrul Cultural Jude\u021bean Teodor T Burada","Centrul Multifunc\u021bional Jean Constantin","colinde","Cr\u0103ciun","dansuri populare","Monica Anghel","spectacol"],"articleSection":["Cultur\u0103"],"inLanguage":"ro-RO","potentialAction":[{"@type":"CommentAction","name":"Comment","target":["https:\/\/salutdobrogea.ro\/index.php\/2024\/11\/29\/spectacol-de-craciun-la-centrul-jean-constantin-monica-anghel-si-brauletul-cap-de-afis\/#respond"]}]},{"@type":"WebPage","@id":"https:\/\/salutdobrogea.ro\/index.php\/2024\/11\/29\/spectacol-de-craciun-la-centrul-jean-constantin-monica-anghel-si-brauletul-cap-de-afis\/","url":"https:\/\/salutdobrogea.ro\/index.php\/2024\/11\/29\/spectacol-de-craciun-la-centrul-jean-constantin-monica-anghel-si-brauletul-cap-de-afis\/","name":"Spectacol de Cr\u0103ciun la Centrul \u201cJean Constantin\": Monica Anghel \u0219i \u201cBr\u00e2ule\u021bul\u201d, cap de afi\u0219 - SALUT DOBROGEA!","isPartOf":{"@id":"https:\/\/salutdobrogea.ro\/#website"},"primaryImageOfPage":{"@id":"https:\/\/salutdobrogea.ro\/index.php\/2024\/11\/29\/spectacol-de-craciun-la-centrul-jean-constantin-monica-anghel-si-brauletul-cap-de-afis\/#primaryimage"},"image":{"@id":"https:\/\/salutdobrogea.ro\/index.php\/2024\/11\/29\/spectacol-de-craciun-la-centrul-jean-constantin-monica-anghel-si-brauletul-cap-de-afis\/#primaryimage"},"thumbnailUrl":"https:\/\/salutdobrogea.ro\/wp-content\/uploads\/2024\/11\/afis-craciun.jpg","datePublished":"2024-11-29T06:39:54+00:00","description":"Pe12 decembrie, magia Cr\u0103ciunului prinde via\u021b\u0103 la Centrul \u201eJean Constantin\u201d, pe a c\u0103rui scen\u0103 vor urca Monica Anghel \u0219i Br\u00e2ule\u021bul.","breadcrumb":{"@id":"https:\/\/salutdobrogea.ro\/index.php\/2024\/11\/29\/spectacol-de-craciun-la-centrul-jean-constantin-monica-anghel-si-brauletul-cap-de-afis\/#breadcrumb"},"inLanguage":"ro-RO","potentialAction":[{"@type":"ReadAction","target":["https:\/\/salutdobrogea.ro\/index.php\/2024\/11\/29\/spectacol-de-craciun-la-centrul-jean-constantin-monica-anghel-si-brauletul-cap-de-afis\/"]}]},{"@type":"ImageObject","inLanguage":"ro-RO","@id":"https:\/\/salutdobrogea.ro\/index.php\/2024\/11\/29\/spectacol-de-craciun-la-centrul-jean-constantin-monica-anghel-si-brauletul-cap-de-afis\/#primaryimage","url":"https:\/\/salutdobrogea.ro\/wp-content\/uploads\/2024\/11\/afis-craciun.jpg","contentUrl":"https:\/\/salutdobrogea.ro\/wp-content\/uploads\/2024\/11\/afis-craciun.jpg","width":1088,"height":1600},{"@type":"BreadcrumbList","@id":"https:\/\/salutdobrogea.ro\/index.php\/2024\/11\/29\/spectacol-de-craciun-la-centrul-jean-constantin-monica-anghel-si-brauletul-cap-de-afis\/#breadcrumb","itemListElement":[{"@type":"ListItem","position":1,"name":"Prima pagin\u0103","item":"https:\/\/salutdobrogea.ro\/"},{"@type":"ListItem","position":2,"name":"Spectacol de Cr\u0103ciun la Centrul \u201cJean Constantin&#8221;: Monica Anghel \u0219i \u201cBr\u00e2ule\u021bul\u201d, cap de afi\u0219"}]},{"@type":"WebSite","@id":"https:\/\/salutdobrogea.ro\/#website","url":"https:\/\/salutdobrogea.ro\/","name":"SALUT DOBROGEA!","description":"ziar de informare \u0219i atitudine","publisher":{"@id":"https:\/\/salutdobrogea.ro\/#organization"},"potentialAction":[{"@type":"SearchAction","target":{"@type":"EntryPoint","urlTemplate":"https:\/\/salutdobrogea.ro\/?s={search_term_string}"},"query-input":{"@type":"PropertyValueSpecification","valueRequired":true,"valueName":"search_term_string"}}],"inLanguage":"ro-RO"},{"@type":"Organization","@id":"https:\/\/salutdobrogea.ro\/#organization","name":"SALUT DOBROGEA!","url":"https:\/\/salutdobrogea.ro\/","logo":{"@type":"ImageObject","inLanguage":"ro-RO","@id":"https:\/\/salutdobrogea.ro\/#\/schema\/logo\/image\/","url":"https:\/\/salutdobrogea.ro\/wp-content\/uploads\/2021\/09\/Logo-SD_Left-Dark.png","contentUrl":"https:\/\/salutdobrogea.ro\/wp-content\/uploads\/2021\/09\/Logo-SD_Left-Dark.png","width":3978,"height":840,"caption":"SALUT DOBROGEA!"},"image":{"@id":"https:\/\/salutdobrogea.ro\/#\/schema\/logo\/image\/"},"sameAs":["https:\/\/www.facebook.com\/Salut-Dobrogea-ziar-regional-109038338217571"]},{"@type":"Person","@id":"https:\/\/salutdobrogea.ro\/#\/schema\/person\/bbcddc03d690946f9e40b57dd55a08fa","name":"admin","image":{"@type":"ImageObject","inLanguage":"ro-RO","@id":"https:\/\/secure.gravatar.com\/avatar\/46f1f00f48c1d950f263e68956bca86a82b2ae8bece37a0ffe8ce76176036613?s=96&d=mm&r=g","url":"https:\/\/secure.gravatar.com\/avatar\/46f1f00f48c1d950f263e68956bca86a82b2ae8bece37a0ffe8ce76176036613?s=96&d=mm&r=g","contentUrl":"https:\/\/secure.gravatar.com\/avatar\/46f1f00f48c1d950f263e68956bca86a82b2ae8bece37a0ffe8ce76176036613?s=96&d=mm&r=g","caption":"admin"},"sameAs":["https:\/\/salutdobrogea.ro"],"url":"https:\/\/salutdobrogea.ro\/index.php\/author\/admin\/"}]}},"_links":{"self":[{"href":"https:\/\/salutdobrogea.ro\/index.php\/wp-json\/wp\/v2\/posts\/9740","targetHints":{"allow":["GET"]}}],"collection":[{"href":"https:\/\/salutdobrogea.ro\/index.php\/wp-json\/wp\/v2\/posts"}],"about":[{"href":"https:\/\/salutdobrogea.ro\/index.php\/wp-json\/wp\/v2\/types\/post"}],"author":[{"embeddable":true,"href":"https:\/\/salutdobrogea.ro\/index.php\/wp-json\/wp\/v2\/users\/1"}],"replies":[{"embeddable":true,"href":"https:\/\/salutdobrogea.ro\/index.php\/wp-json\/wp\/v2\/comments?post=9740"}],"version-history":[{"count":1,"href":"https:\/\/salutdobrogea.ro\/index.php\/wp-json\/wp\/v2\/posts\/9740\/revisions"}],"predecessor-version":[{"id":9742,"href":"https:\/\/salutdobrogea.ro\/index.php\/wp-json\/wp\/v2\/posts\/9740\/revisions\/9742"}],"wp:featuredmedia":[{"embeddable":true,"href":"https:\/\/salutdobrogea.ro\/index.php\/wp-json\/wp\/v2\/media\/9741"}],"wp:attachment":[{"href":"https:\/\/salutdobrogea.ro\/index.php\/wp-json\/wp\/v2\/media?parent=9740"}],"wp:term":[{"taxonomy":"category","embeddable":true,"href":"https:\/\/salutdobrogea.ro\/index.php\/wp-json\/wp\/v2\/categories?post=9740"},{"taxonomy":"post_tag","embeddable":true,"href":"https:\/\/salutdobrogea.ro\/index.php\/wp-json\/wp\/v2\/tags?post=9740"}],"curies":[{"name":"wp","href":"https:\/\/api.w.org\/{rel}","templated":true}]}}