{"id":8891,"date":"2024-06-01T14:26:24","date_gmt":"2024-06-01T14:26:24","guid":{"rendered":"https:\/\/salutdobrogea.ro\/?p=8891"},"modified":"2024-06-01T14:26:24","modified_gmt":"2024-06-01T14:26:24","slug":"artistii-invitati-de-ziua-copilului-la-medgidia-amenintati-cu-moartea","status":"publish","type":"post","link":"https:\/\/salutdobrogea.ro\/index.php\/2024\/06\/01\/artistii-invitati-de-ziua-copilului-la-medgidia-amenintati-cu-moartea\/","title":{"rendered":"Arti\u0219tii invita\u021bi de Ziua Copilului la Medgidia, amenin\u021ba\u021bi cu moartea"},"content":{"rendered":"<p><strong>Prim\u0103ria Municipiului Medgidia organizeaz\u0103 ast\u0103zi, 1 iunie, un eveniment dedicat at\u00e2t copiilor, c\u00e2t \u0219i adolescen\u021bilor. \u00cen cea de-a doua parte, dedicat\u0103 tinerilor, vor urca pe scen\u0103 unii dintre arti\u0219tii \u00een vog\u0103 ai momentului. Vedetele au primit ast\u0103zi amenin\u021b\u0103ri cu moartea pe conturile de socializare. <\/strong><\/p>\n<p>Evenimentul, care a debutat la ora 16.00, aduce \u00een prim-plan o varietate de activit\u0103\u021bi pentru cei mici, dar \u0219i un concert sus\u021binut de Erika Isac, Rare\u0219 \u0219i Bogdan de la Ploie\u0219ti, dedicat adolescen\u021bilor \u0219i adul\u021bilor.<\/p>\n<p>\u00cen jurul pr\u00e2nzului, Erika Isac \u0219i Rare\u0219 au primit mesaje de amenin\u021bare cu moartea pe conturile de socializare. Cei doi au fost avertiza\u021bi s\u0103 nu urce pe scena de la Medgidia. At\u00e2t managerul, c\u00e2t \u0219i arti\u0219tii au informat organizatorii \u0219i, pentru c\u0103 au luat \u00een serios aceste amenin\u021b\u0103ri, au depus pl\u00e2ngere la Poli\u021bia din Medgidia.<\/p>\n<p>\u00cen acela\u0219i timp, Prim\u0103ria Municipiului Medgidia a sesizat institu\u021biile abilitate pentru a lua toate m\u0103surile necesare pentru siguran\u021ba arti\u0219tilor prezen\u021bi la eveniment.<\/p>\n<p>\u2033Condamn\u0103m ferm aceste atitudini \u0219i facem apel la calm, pentru ca Ziua Interna\u021bional\u0103 a Copilului s\u0103 se desf\u0103\u0219oare \u00een lini\u0219te \u0219i siguran\u021b\u0103. Asta deoarece trebuie s\u0103 fie o zi a bucuriei celor mici \u0219i nu un motiv de scandal \u0219i amenin\u021b\u0103ri\u2036, au transmis reprezentan\u021bii Prim\u0103riei Medgidia prin intermediul unui comunicat de pres\u0103.<\/p>\n","protected":false},"excerpt":{"rendered":"<p>Prim\u0103ria Municipiului Medgidia organizeaz\u0103 ast\u0103zi, 1 iunie, un eveniment dedicat at\u00e2t copiilor, c\u00e2t \u0219i adolescen\u021bilor. \u00cen cea de-a doua parte, dedicat\u0103 tinerilor, vor urca pe<\/p>\n","protected":false},"author":1,"featured_media":8892,"comment_status":"open","ping_status":"open","sticky":false,"template":"","format":"standard","meta":{"footnotes":""},"categories":[520],"tags":[942,1426,1436,580,1433,517,1438,519,1434,1437,954],"class_list":["post-8891","post","type-post","status-publish","format-standard","has-post-thumbnail","hentry","category-salut-medgidia","tag-1-iunie","tag-adolescenti","tag-amenintari-cu-moartea","tag-concert","tag-erika-isac","tag-medgidia","tag-politie","tag-primaria-medgidia","tag-rares","tag-tineri","tag-ziua-internationala-a-copilului"],"yoast_head":"<!-- This site is optimized with the Yoast SEO plugin v27.2 - https:\/\/yoast.com\/product\/yoast-seo-wordpress\/ -->\n<title>Arti\u0219tii invita\u021bi de Ziua Copilului la Medgidia, amenin\u021ba\u021bi cu moartea - SALUT DOBROGEA!<\/title>\n<meta name=\"description\" content=\"Arti\u0219tii invita\u021bi s\u0103 concerteze de Ziua Copilului la Medgidia au primit amenin\u021b\u0103ri cu moartea pe conturile de socializare.\" \/>\n<meta name=\"robots\" content=\"index, follow, max-snippet:-1, max-image-preview:large, max-video-preview:-1\" \/>\n<link rel=\"canonical\" href=\"https:\/\/salutdobrogea.ro\/index.php\/2024\/06\/01\/artistii-invitati-de-ziua-copilului-la-medgidia-amenintati-cu-moartea\/\" \/>\n<meta property=\"og:locale\" content=\"ro_RO\" \/>\n<meta property=\"og:type\" content=\"article\" \/>\n<meta property=\"og:title\" content=\"Arti\u0219tii invita\u021bi de Ziua Copilului la Medgidia, amenin\u021ba\u021bi cu moartea - SALUT DOBROGEA!\" \/>\n<meta property=\"og:description\" content=\"Arti\u0219tii invita\u021bi s\u0103 concerteze de Ziua Copilului la Medgidia au primit amenin\u021b\u0103ri cu moartea pe conturile de socializare.\" \/>\n<meta property=\"og:url\" content=\"https:\/\/salutdobrogea.ro\/index.php\/2024\/06\/01\/artistii-invitati-de-ziua-copilului-la-medgidia-amenintati-cu-moartea\/\" \/>\n<meta property=\"og:site_name\" content=\"SALUT DOBROGEA!\" \/>\n<meta property=\"article:publisher\" content=\"https:\/\/www.facebook.com\/Salut-Dobrogea-ziar-regional-109038338217571\" \/>\n<meta property=\"article:published_time\" content=\"2024-06-01T14:26:24+00:00\" \/>\n<meta property=\"og:image\" content=\"https:\/\/salutdobrogea.ro\/wp-content\/uploads\/2024\/06\/Primaria-Medgidia.jpg\" \/>\n\t<meta property=\"og:image:width\" content=\"717\" \/>\n\t<meta property=\"og:image:height\" content=\"608\" \/>\n\t<meta property=\"og:image:type\" content=\"image\/jpeg\" \/>\n<meta name=\"author\" content=\"admin\" \/>\n<meta name=\"twitter:card\" content=\"summary_large_image\" \/>\n<meta name=\"twitter:label1\" content=\"Scris de\" \/>\n\t<meta name=\"twitter:data1\" content=\"admin\" \/>\n\t<meta name=\"twitter:label2\" content=\"Timp estimat pentru citire\" \/>\n\t<meta name=\"twitter:data2\" content=\"2 minute\" \/>\n<script type=\"application\/ld+json\" class=\"yoast-schema-graph\">{\"@context\":\"https:\/\/schema.org\",\"@graph\":[{\"@type\":\"Article\",\"@id\":\"https:\/\/salutdobrogea.ro\/index.php\/2024\/06\/01\/artistii-invitati-de-ziua-copilului-la-medgidia-amenintati-cu-moartea\/#article\",\"isPartOf\":{\"@id\":\"https:\/\/salutdobrogea.ro\/index.php\/2024\/06\/01\/artistii-invitati-de-ziua-copilului-la-medgidia-amenintati-cu-moartea\/\"},\"author\":{\"name\":\"admin\",\"@id\":\"https:\/\/salutdobrogea.ro\/#\/schema\/person\/bbcddc03d690946f9e40b57dd55a08fa\"},\"headline\":\"Arti\u0219tii invita\u021bi de Ziua Copilului la Medgidia, amenin\u021ba\u021bi cu moartea\",\"datePublished\":\"2024-06-01T14:26:24+00:00\",\"mainEntityOfPage\":{\"@id\":\"https:\/\/salutdobrogea.ro\/index.php\/2024\/06\/01\/artistii-invitati-de-ziua-copilului-la-medgidia-amenintati-cu-moartea\/\"},\"wordCount\":256,\"commentCount\":0,\"publisher\":{\"@id\":\"https:\/\/salutdobrogea.ro\/#organization\"},\"image\":{\"@id\":\"https:\/\/salutdobrogea.ro\/index.php\/2024\/06\/01\/artistii-invitati-de-ziua-copilului-la-medgidia-amenintati-cu-moartea\/#primaryimage\"},\"thumbnailUrl\":\"https:\/\/salutdobrogea.ro\/wp-content\/uploads\/2024\/06\/Primaria-Medgidia.jpg\",\"keywords\":[\"1 Iunie\",\"adolescen\u021bi\",\"amenin\u021b\u0103ri cu moartea\",\"concert\",\"Erika Isac\",\"Medgidia\",\"Poli\u021bie\",\"Prim\u0103ria Medgidia\",\"Rare\u0219\",\"tineri\",\"Ziua Interna\u021bional\u0103 a Copilului\"],\"articleSection\":[\"Salut, Medgidia!\"],\"inLanguage\":\"ro-RO\",\"potentialAction\":[{\"@type\":\"CommentAction\",\"name\":\"Comment\",\"target\":[\"https:\/\/salutdobrogea.ro\/index.php\/2024\/06\/01\/artistii-invitati-de-ziua-copilului-la-medgidia-amenintati-cu-moartea\/#respond\"]}]},{\"@type\":\"WebPage\",\"@id\":\"https:\/\/salutdobrogea.ro\/index.php\/2024\/06\/01\/artistii-invitati-de-ziua-copilului-la-medgidia-amenintati-cu-moartea\/\",\"url\":\"https:\/\/salutdobrogea.ro\/index.php\/2024\/06\/01\/artistii-invitati-de-ziua-copilului-la-medgidia-amenintati-cu-moartea\/\",\"name\":\"Arti\u0219tii invita\u021bi de Ziua Copilului la Medgidia, amenin\u021ba\u021bi cu moartea - SALUT DOBROGEA!\",\"isPartOf\":{\"@id\":\"https:\/\/salutdobrogea.ro\/#website\"},\"primaryImageOfPage\":{\"@id\":\"https:\/\/salutdobrogea.ro\/index.php\/2024\/06\/01\/artistii-invitati-de-ziua-copilului-la-medgidia-amenintati-cu-moartea\/#primaryimage\"},\"image\":{\"@id\":\"https:\/\/salutdobrogea.ro\/index.php\/2024\/06\/01\/artistii-invitati-de-ziua-copilului-la-medgidia-amenintati-cu-moartea\/#primaryimage\"},\"thumbnailUrl\":\"https:\/\/salutdobrogea.ro\/wp-content\/uploads\/2024\/06\/Primaria-Medgidia.jpg\",\"datePublished\":\"2024-06-01T14:26:24+00:00\",\"description\":\"Arti\u0219tii invita\u021bi s\u0103 concerteze de Ziua Copilului la Medgidia au primit amenin\u021b\u0103ri cu moartea pe conturile de socializare.\",\"breadcrumb\":{\"@id\":\"https:\/\/salutdobrogea.ro\/index.php\/2024\/06\/01\/artistii-invitati-de-ziua-copilului-la-medgidia-amenintati-cu-moartea\/#breadcrumb\"},\"inLanguage\":\"ro-RO\",\"potentialAction\":[{\"@type\":\"ReadAction\",\"target\":[\"https:\/\/salutdobrogea.ro\/index.php\/2024\/06\/01\/artistii-invitati-de-ziua-copilului-la-medgidia-amenintati-cu-moartea\/\"]}]},{\"@type\":\"ImageObject\",\"inLanguage\":\"ro-RO\",\"@id\":\"https:\/\/salutdobrogea.ro\/index.php\/2024\/06\/01\/artistii-invitati-de-ziua-copilului-la-medgidia-amenintati-cu-moartea\/#primaryimage\",\"url\":\"https:\/\/salutdobrogea.ro\/wp-content\/uploads\/2024\/06\/Primaria-Medgidia.jpg\",\"contentUrl\":\"https:\/\/salutdobrogea.ro\/wp-content\/uploads\/2024\/06\/Primaria-Medgidia.jpg\",\"width\":717,\"height\":608},{\"@type\":\"BreadcrumbList\",\"@id\":\"https:\/\/salutdobrogea.ro\/index.php\/2024\/06\/01\/artistii-invitati-de-ziua-copilului-la-medgidia-amenintati-cu-moartea\/#breadcrumb\",\"itemListElement\":[{\"@type\":\"ListItem\",\"position\":1,\"name\":\"Prima pagin\u0103\",\"item\":\"https:\/\/salutdobrogea.ro\/\"},{\"@type\":\"ListItem\",\"position\":2,\"name\":\"Arti\u0219tii invita\u021bi de Ziua Copilului la Medgidia, amenin\u021ba\u021bi cu moartea\"}]},{\"@type\":\"WebSite\",\"@id\":\"https:\/\/salutdobrogea.ro\/#website\",\"url\":\"https:\/\/salutdobrogea.ro\/\",\"name\":\"SALUT DOBROGEA!\",\"description\":\"ziar de informare \u0219i atitudine\",\"publisher\":{\"@id\":\"https:\/\/salutdobrogea.ro\/#organization\"},\"potentialAction\":[{\"@type\":\"SearchAction\",\"target\":{\"@type\":\"EntryPoint\",\"urlTemplate\":\"https:\/\/salutdobrogea.ro\/?s={search_term_string}\"},\"query-input\":{\"@type\":\"PropertyValueSpecification\",\"valueRequired\":true,\"valueName\":\"search_term_string\"}}],\"inLanguage\":\"ro-RO\"},{\"@type\":\"Organization\",\"@id\":\"https:\/\/salutdobrogea.ro\/#organization\",\"name\":\"SALUT DOBROGEA!\",\"url\":\"https:\/\/salutdobrogea.ro\/\",\"logo\":{\"@type\":\"ImageObject\",\"inLanguage\":\"ro-RO\",\"@id\":\"https:\/\/salutdobrogea.ro\/#\/schema\/logo\/image\/\",\"url\":\"https:\/\/salutdobrogea.ro\/wp-content\/uploads\/2021\/09\/Logo-SD_Left-Dark.png\",\"contentUrl\":\"https:\/\/salutdobrogea.ro\/wp-content\/uploads\/2021\/09\/Logo-SD_Left-Dark.png\",\"width\":3978,\"height\":840,\"caption\":\"SALUT DOBROGEA!\"},\"image\":{\"@id\":\"https:\/\/salutdobrogea.ro\/#\/schema\/logo\/image\/\"},\"sameAs\":[\"https:\/\/www.facebook.com\/Salut-Dobrogea-ziar-regional-109038338217571\"]},{\"@type\":\"Person\",\"@id\":\"https:\/\/salutdobrogea.ro\/#\/schema\/person\/bbcddc03d690946f9e40b57dd55a08fa\",\"name\":\"admin\",\"image\":{\"@type\":\"ImageObject\",\"inLanguage\":\"ro-RO\",\"@id\":\"https:\/\/secure.gravatar.com\/avatar\/46f1f00f48c1d950f263e68956bca86a82b2ae8bece37a0ffe8ce76176036613?s=96&d=mm&r=g\",\"url\":\"https:\/\/secure.gravatar.com\/avatar\/46f1f00f48c1d950f263e68956bca86a82b2ae8bece37a0ffe8ce76176036613?s=96&d=mm&r=g\",\"contentUrl\":\"https:\/\/secure.gravatar.com\/avatar\/46f1f00f48c1d950f263e68956bca86a82b2ae8bece37a0ffe8ce76176036613?s=96&d=mm&r=g\",\"caption\":\"admin\"},\"sameAs\":[\"https:\/\/salutdobrogea.ro\"],\"url\":\"https:\/\/salutdobrogea.ro\/index.php\/author\/admin\/\"}]}<\/script>\n<!-- \/ Yoast SEO plugin. -->","yoast_head_json":{"title":"Arti\u0219tii invita\u021bi de Ziua Copilului la Medgidia, amenin\u021ba\u021bi cu moartea - SALUT DOBROGEA!","description":"Arti\u0219tii invita\u021bi s\u0103 concerteze de Ziua Copilului la Medgidia au primit amenin\u021b\u0103ri cu moartea pe conturile de socializare.","robots":{"index":"index","follow":"follow","max-snippet":"max-snippet:-1","max-image-preview":"max-image-preview:large","max-video-preview":"max-video-preview:-1"},"canonical":"https:\/\/salutdobrogea.ro\/index.php\/2024\/06\/01\/artistii-invitati-de-ziua-copilului-la-medgidia-amenintati-cu-moartea\/","og_locale":"ro_RO","og_type":"article","og_title":"Arti\u0219tii invita\u021bi de Ziua Copilului la Medgidia, amenin\u021ba\u021bi cu moartea - SALUT DOBROGEA!","og_description":"Arti\u0219tii invita\u021bi s\u0103 concerteze de Ziua Copilului la Medgidia au primit amenin\u021b\u0103ri cu moartea pe conturile de socializare.","og_url":"https:\/\/salutdobrogea.ro\/index.php\/2024\/06\/01\/artistii-invitati-de-ziua-copilului-la-medgidia-amenintati-cu-moartea\/","og_site_name":"SALUT DOBROGEA!","article_publisher":"https:\/\/www.facebook.com\/Salut-Dobrogea-ziar-regional-109038338217571","article_published_time":"2024-06-01T14:26:24+00:00","og_image":[{"width":717,"height":608,"url":"https:\/\/salutdobrogea.ro\/wp-content\/uploads\/2024\/06\/Primaria-Medgidia.jpg","type":"image\/jpeg"}],"author":"admin","twitter_card":"summary_large_image","twitter_misc":{"Scris de":"admin","Timp estimat pentru citire":"2 minute"},"schema":{"@context":"https:\/\/schema.org","@graph":[{"@type":"Article","@id":"https:\/\/salutdobrogea.ro\/index.php\/2024\/06\/01\/artistii-invitati-de-ziua-copilului-la-medgidia-amenintati-cu-moartea\/#article","isPartOf":{"@id":"https:\/\/salutdobrogea.ro\/index.php\/2024\/06\/01\/artistii-invitati-de-ziua-copilului-la-medgidia-amenintati-cu-moartea\/"},"author":{"name":"admin","@id":"https:\/\/salutdobrogea.ro\/#\/schema\/person\/bbcddc03d690946f9e40b57dd55a08fa"},"headline":"Arti\u0219tii invita\u021bi de Ziua Copilului la Medgidia, amenin\u021ba\u021bi cu moartea","datePublished":"2024-06-01T14:26:24+00:00","mainEntityOfPage":{"@id":"https:\/\/salutdobrogea.ro\/index.php\/2024\/06\/01\/artistii-invitati-de-ziua-copilului-la-medgidia-amenintati-cu-moartea\/"},"wordCount":256,"commentCount":0,"publisher":{"@id":"https:\/\/salutdobrogea.ro\/#organization"},"image":{"@id":"https:\/\/salutdobrogea.ro\/index.php\/2024\/06\/01\/artistii-invitati-de-ziua-copilului-la-medgidia-amenintati-cu-moartea\/#primaryimage"},"thumbnailUrl":"https:\/\/salutdobrogea.ro\/wp-content\/uploads\/2024\/06\/Primaria-Medgidia.jpg","keywords":["1 Iunie","adolescen\u021bi","amenin\u021b\u0103ri cu moartea","concert","Erika Isac","Medgidia","Poli\u021bie","Prim\u0103ria Medgidia","Rare\u0219","tineri","Ziua Interna\u021bional\u0103 a Copilului"],"articleSection":["Salut, Medgidia!"],"inLanguage":"ro-RO","potentialAction":[{"@type":"CommentAction","name":"Comment","target":["https:\/\/salutdobrogea.ro\/index.php\/2024\/06\/01\/artistii-invitati-de-ziua-copilului-la-medgidia-amenintati-cu-moartea\/#respond"]}]},{"@type":"WebPage","@id":"https:\/\/salutdobrogea.ro\/index.php\/2024\/06\/01\/artistii-invitati-de-ziua-copilului-la-medgidia-amenintati-cu-moartea\/","url":"https:\/\/salutdobrogea.ro\/index.php\/2024\/06\/01\/artistii-invitati-de-ziua-copilului-la-medgidia-amenintati-cu-moartea\/","name":"Arti\u0219tii invita\u021bi de Ziua Copilului la Medgidia, amenin\u021ba\u021bi cu moartea - SALUT DOBROGEA!","isPartOf":{"@id":"https:\/\/salutdobrogea.ro\/#website"},"primaryImageOfPage":{"@id":"https:\/\/salutdobrogea.ro\/index.php\/2024\/06\/01\/artistii-invitati-de-ziua-copilului-la-medgidia-amenintati-cu-moartea\/#primaryimage"},"image":{"@id":"https:\/\/salutdobrogea.ro\/index.php\/2024\/06\/01\/artistii-invitati-de-ziua-copilului-la-medgidia-amenintati-cu-moartea\/#primaryimage"},"thumbnailUrl":"https:\/\/salutdobrogea.ro\/wp-content\/uploads\/2024\/06\/Primaria-Medgidia.jpg","datePublished":"2024-06-01T14:26:24+00:00","description":"Arti\u0219tii invita\u021bi s\u0103 concerteze de Ziua Copilului la Medgidia au primit amenin\u021b\u0103ri cu moartea pe conturile de socializare.","breadcrumb":{"@id":"https:\/\/salutdobrogea.ro\/index.php\/2024\/06\/01\/artistii-invitati-de-ziua-copilului-la-medgidia-amenintati-cu-moartea\/#breadcrumb"},"inLanguage":"ro-RO","potentialAction":[{"@type":"ReadAction","target":["https:\/\/salutdobrogea.ro\/index.php\/2024\/06\/01\/artistii-invitati-de-ziua-copilului-la-medgidia-amenintati-cu-moartea\/"]}]},{"@type":"ImageObject","inLanguage":"ro-RO","@id":"https:\/\/salutdobrogea.ro\/index.php\/2024\/06\/01\/artistii-invitati-de-ziua-copilului-la-medgidia-amenintati-cu-moartea\/#primaryimage","url":"https:\/\/salutdobrogea.ro\/wp-content\/uploads\/2024\/06\/Primaria-Medgidia.jpg","contentUrl":"https:\/\/salutdobrogea.ro\/wp-content\/uploads\/2024\/06\/Primaria-Medgidia.jpg","width":717,"height":608},{"@type":"BreadcrumbList","@id":"https:\/\/salutdobrogea.ro\/index.php\/2024\/06\/01\/artistii-invitati-de-ziua-copilului-la-medgidia-amenintati-cu-moartea\/#breadcrumb","itemListElement":[{"@type":"ListItem","position":1,"name":"Prima pagin\u0103","item":"https:\/\/salutdobrogea.ro\/"},{"@type":"ListItem","position":2,"name":"Arti\u0219tii invita\u021bi de Ziua Copilului la Medgidia, amenin\u021ba\u021bi cu moartea"}]},{"@type":"WebSite","@id":"https:\/\/salutdobrogea.ro\/#website","url":"https:\/\/salutdobrogea.ro\/","name":"SALUT DOBROGEA!","description":"ziar de informare \u0219i atitudine","publisher":{"@id":"https:\/\/salutdobrogea.ro\/#organization"},"potentialAction":[{"@type":"SearchAction","target":{"@type":"EntryPoint","urlTemplate":"https:\/\/salutdobrogea.ro\/?s={search_term_string}"},"query-input":{"@type":"PropertyValueSpecification","valueRequired":true,"valueName":"search_term_string"}}],"inLanguage":"ro-RO"},{"@type":"Organization","@id":"https:\/\/salutdobrogea.ro\/#organization","name":"SALUT DOBROGEA!","url":"https:\/\/salutdobrogea.ro\/","logo":{"@type":"ImageObject","inLanguage":"ro-RO","@id":"https:\/\/salutdobrogea.ro\/#\/schema\/logo\/image\/","url":"https:\/\/salutdobrogea.ro\/wp-content\/uploads\/2021\/09\/Logo-SD_Left-Dark.png","contentUrl":"https:\/\/salutdobrogea.ro\/wp-content\/uploads\/2021\/09\/Logo-SD_Left-Dark.png","width":3978,"height":840,"caption":"SALUT DOBROGEA!"},"image":{"@id":"https:\/\/salutdobrogea.ro\/#\/schema\/logo\/image\/"},"sameAs":["https:\/\/www.facebook.com\/Salut-Dobrogea-ziar-regional-109038338217571"]},{"@type":"Person","@id":"https:\/\/salutdobrogea.ro\/#\/schema\/person\/bbcddc03d690946f9e40b57dd55a08fa","name":"admin","image":{"@type":"ImageObject","inLanguage":"ro-RO","@id":"https:\/\/secure.gravatar.com\/avatar\/46f1f00f48c1d950f263e68956bca86a82b2ae8bece37a0ffe8ce76176036613?s=96&d=mm&r=g","url":"https:\/\/secure.gravatar.com\/avatar\/46f1f00f48c1d950f263e68956bca86a82b2ae8bece37a0ffe8ce76176036613?s=96&d=mm&r=g","contentUrl":"https:\/\/secure.gravatar.com\/avatar\/46f1f00f48c1d950f263e68956bca86a82b2ae8bece37a0ffe8ce76176036613?s=96&d=mm&r=g","caption":"admin"},"sameAs":["https:\/\/salutdobrogea.ro"],"url":"https:\/\/salutdobrogea.ro\/index.php\/author\/admin\/"}]}},"_links":{"self":[{"href":"https:\/\/salutdobrogea.ro\/index.php\/wp-json\/wp\/v2\/posts\/8891","targetHints":{"allow":["GET"]}}],"collection":[{"href":"https:\/\/salutdobrogea.ro\/index.php\/wp-json\/wp\/v2\/posts"}],"about":[{"href":"https:\/\/salutdobrogea.ro\/index.php\/wp-json\/wp\/v2\/types\/post"}],"author":[{"embeddable":true,"href":"https:\/\/salutdobrogea.ro\/index.php\/wp-json\/wp\/v2\/users\/1"}],"replies":[{"embeddable":true,"href":"https:\/\/salutdobrogea.ro\/index.php\/wp-json\/wp\/v2\/comments?post=8891"}],"version-history":[{"count":1,"href":"https:\/\/salutdobrogea.ro\/index.php\/wp-json\/wp\/v2\/posts\/8891\/revisions"}],"predecessor-version":[{"id":8893,"href":"https:\/\/salutdobrogea.ro\/index.php\/wp-json\/wp\/v2\/posts\/8891\/revisions\/8893"}],"wp:featuredmedia":[{"embeddable":true,"href":"https:\/\/salutdobrogea.ro\/index.php\/wp-json\/wp\/v2\/media\/8892"}],"wp:attachment":[{"href":"https:\/\/salutdobrogea.ro\/index.php\/wp-json\/wp\/v2\/media?parent=8891"}],"wp:term":[{"taxonomy":"category","embeddable":true,"href":"https:\/\/salutdobrogea.ro\/index.php\/wp-json\/wp\/v2\/categories?post=8891"},{"taxonomy":"post_tag","embeddable":true,"href":"https:\/\/salutdobrogea.ro\/index.php\/wp-json\/wp\/v2\/tags?post=8891"}],"curies":[{"name":"wp","href":"https:\/\/api.w.org\/{rel}","templated":true}]}}