{"id":8327,"date":"2024-02-29T19:12:01","date_gmt":"2024-02-29T19:12:01","guid":{"rendered":"https:\/\/salutdobrogea.ro\/?p=8327"},"modified":"2024-03-01T01:59:51","modified_gmt":"2024-03-01T01:59:51","slug":"spectacol-dedicat-mamei-la-casa-de-cultura-medgidia","status":"publish","type":"post","link":"https:\/\/salutdobrogea.ro\/index.php\/2024\/02\/29\/spectacol-dedicat-mamei-la-casa-de-cultura-medgidia\/","title":{"rendered":"Spectacol dedicat mamei, la Casa de Cultur\u0103 Medgidia"},"content":{"rendered":"<p><strong>Prim\u0103vara debuteaz\u0103 cu un spectacol dedicat mamelor de pretutindeni, la Medgidia. Evenimentul este organizat de Prim\u0103ria Medgidia \u0219i Casa de Cultur\u0103 \u2033Ioan N. Roman\u2036. <\/strong><\/p>\n<p>Spectacolul intitulat sugestiv \u2033Mam\u0103, suflet ca o floare\u2036 va avea loc s\u00e2mb\u0103t\u0103, 2 martie, \u00eencep\u00e2nd cu ora 12.00, \u00een sala de spectacole a Casei de Cultur\u0103 \u2033Ioan N. Roman\u2036. Evenimentul va fi sus\u021binut de tinerii c\u00e2nt\u0103re\u021bi instrui\u021bi de instructorul de canto Stela Trifan.<\/p>\n<p>Pe scen\u0103 vor mai urca Ansamblul folcloric \u2033Pandela\u0219ul\u2036, coregraf Loredana Ni\u021b\u0103, clasa de dans sportiv &#8211; instructor Dan Buzatu \u0219i trupa de dans modern \u2033Revolution dance &#8211; The Fighters\u2036, coregraf Cyutz.<\/p>\n<p>Show-ul va fi prezentat de regizorul Lauren\u021biu Vlad.<\/p>\n<p>Intrarea va fi liber\u0103!<\/p>\n","protected":false},"excerpt":{"rendered":"<p>Prim\u0103vara debuteaz\u0103 cu un spectacol dedicat mamelor de pretutindeni, la Medgidia. Evenimentul este organizat de Prim\u0103ria Medgidia \u0219i Casa de Cultur\u0103 \u2033Ioan N. Roman\u2036. Spectacolul<\/p>\n","protected":false},"author":1,"featured_media":8328,"comment_status":"open","ping_status":"open","sticky":false,"template":"","format":"standard","meta":{"footnotes":""},"categories":[520],"tags":[582,517,519,526,1319],"class_list":["post-8327","post","type-post","status-publish","format-standard","has-post-thumbnail","hentry","category-salut-medgidia","tag-casa-de-cultura-ioan-n-roman-medgidia","tag-medgidia","tag-primaria-medgidia","tag-spectacol","tag-ziua-mamei"],"yoast_head":"<!-- This site is optimized with the Yoast SEO plugin v27.2 - https:\/\/yoast.com\/product\/yoast-seo-wordpress\/ -->\n<title>Spectacol dedicat mamei, la Casa de Cultur\u0103 Medgidia - SALUT DOBROGEA!<\/title>\n<meta name=\"description\" content=\"Prim\u0103vara debuteaz\u0103 cu un spectacol dedicat mamelor de pretutindeni, la Medgidia, evenimentul fiind organizat de prim\u0103rie.\" \/>\n<meta name=\"robots\" content=\"index, follow, max-snippet:-1, max-image-preview:large, max-video-preview:-1\" \/>\n<link rel=\"canonical\" href=\"https:\/\/salutdobrogea.ro\/index.php\/2024\/02\/29\/spectacol-dedicat-mamei-la-casa-de-cultura-medgidia\/\" \/>\n<meta property=\"og:locale\" content=\"ro_RO\" \/>\n<meta property=\"og:type\" content=\"article\" \/>\n<meta property=\"og:title\" content=\"Spectacol dedicat mamei, la Casa de Cultur\u0103 Medgidia - SALUT DOBROGEA!\" \/>\n<meta property=\"og:description\" content=\"Prim\u0103vara debuteaz\u0103 cu un spectacol dedicat mamelor de pretutindeni, la Medgidia, evenimentul fiind organizat de prim\u0103rie.\" \/>\n<meta property=\"og:url\" content=\"https:\/\/salutdobrogea.ro\/index.php\/2024\/02\/29\/spectacol-dedicat-mamei-la-casa-de-cultura-medgidia\/\" \/>\n<meta property=\"og:site_name\" content=\"SALUT DOBROGEA!\" \/>\n<meta property=\"article:publisher\" content=\"https:\/\/www.facebook.com\/Salut-Dobrogea-ziar-regional-109038338217571\" \/>\n<meta property=\"article:published_time\" content=\"2024-02-29T19:12:01+00:00\" \/>\n<meta property=\"article:modified_time\" content=\"2024-03-01T01:59:51+00:00\" \/>\n<meta property=\"og:image\" content=\"https:\/\/salutdobrogea.ro\/wp-content\/uploads\/2024\/03\/spectacol-mama.jpg\" \/>\n\t<meta property=\"og:image:width\" content=\"843\" \/>\n\t<meta property=\"og:image:height\" content=\"1192\" \/>\n\t<meta property=\"og:image:type\" content=\"image\/jpeg\" \/>\n<meta name=\"author\" content=\"admin\" \/>\n<meta name=\"twitter:card\" content=\"summary_large_image\" \/>\n<meta name=\"twitter:label1\" content=\"Scris de\" \/>\n\t<meta name=\"twitter:data1\" content=\"admin\" \/>\n\t<meta name=\"twitter:label2\" content=\"Timp estimat pentru citire\" \/>\n\t<meta name=\"twitter:data2\" content=\"1 minut\" \/>\n<script type=\"application\/ld+json\" class=\"yoast-schema-graph\">{\"@context\":\"https:\/\/schema.org\",\"@graph\":[{\"@type\":\"Article\",\"@id\":\"https:\/\/salutdobrogea.ro\/index.php\/2024\/02\/29\/spectacol-dedicat-mamei-la-casa-de-cultura-medgidia\/#article\",\"isPartOf\":{\"@id\":\"https:\/\/salutdobrogea.ro\/index.php\/2024\/02\/29\/spectacol-dedicat-mamei-la-casa-de-cultura-medgidia\/\"},\"author\":{\"name\":\"admin\",\"@id\":\"https:\/\/salutdobrogea.ro\/#\/schema\/person\/bbcddc03d690946f9e40b57dd55a08fa\"},\"headline\":\"Spectacol dedicat mamei, la Casa de Cultur\u0103 Medgidia\",\"datePublished\":\"2024-02-29T19:12:01+00:00\",\"dateModified\":\"2024-03-01T01:59:51+00:00\",\"mainEntityOfPage\":{\"@id\":\"https:\/\/salutdobrogea.ro\/index.php\/2024\/02\/29\/spectacol-dedicat-mamei-la-casa-de-cultura-medgidia\/\"},\"wordCount\":128,\"commentCount\":0,\"publisher\":{\"@id\":\"https:\/\/salutdobrogea.ro\/#organization\"},\"image\":{\"@id\":\"https:\/\/salutdobrogea.ro\/index.php\/2024\/02\/29\/spectacol-dedicat-mamei-la-casa-de-cultura-medgidia\/#primaryimage\"},\"thumbnailUrl\":\"https:\/\/salutdobrogea.ro\/wp-content\/uploads\/2024\/03\/spectacol-mama.jpg\",\"keywords\":[\"Casa de Cultur\u0103 Ioan N Roman Medgidia\",\"Medgidia\",\"Prim\u0103ria Medgidia\",\"spectacol\",\"Ziua Mamei\"],\"articleSection\":[\"Salut, Medgidia!\"],\"inLanguage\":\"ro-RO\",\"potentialAction\":[{\"@type\":\"CommentAction\",\"name\":\"Comment\",\"target\":[\"https:\/\/salutdobrogea.ro\/index.php\/2024\/02\/29\/spectacol-dedicat-mamei-la-casa-de-cultura-medgidia\/#respond\"]}]},{\"@type\":\"WebPage\",\"@id\":\"https:\/\/salutdobrogea.ro\/index.php\/2024\/02\/29\/spectacol-dedicat-mamei-la-casa-de-cultura-medgidia\/\",\"url\":\"https:\/\/salutdobrogea.ro\/index.php\/2024\/02\/29\/spectacol-dedicat-mamei-la-casa-de-cultura-medgidia\/\",\"name\":\"Spectacol dedicat mamei, la Casa de Cultur\u0103 Medgidia - SALUT DOBROGEA!\",\"isPartOf\":{\"@id\":\"https:\/\/salutdobrogea.ro\/#website\"},\"primaryImageOfPage\":{\"@id\":\"https:\/\/salutdobrogea.ro\/index.php\/2024\/02\/29\/spectacol-dedicat-mamei-la-casa-de-cultura-medgidia\/#primaryimage\"},\"image\":{\"@id\":\"https:\/\/salutdobrogea.ro\/index.php\/2024\/02\/29\/spectacol-dedicat-mamei-la-casa-de-cultura-medgidia\/#primaryimage\"},\"thumbnailUrl\":\"https:\/\/salutdobrogea.ro\/wp-content\/uploads\/2024\/03\/spectacol-mama.jpg\",\"datePublished\":\"2024-02-29T19:12:01+00:00\",\"dateModified\":\"2024-03-01T01:59:51+00:00\",\"description\":\"Prim\u0103vara debuteaz\u0103 cu un spectacol dedicat mamelor de pretutindeni, la Medgidia, evenimentul fiind organizat de prim\u0103rie.\",\"breadcrumb\":{\"@id\":\"https:\/\/salutdobrogea.ro\/index.php\/2024\/02\/29\/spectacol-dedicat-mamei-la-casa-de-cultura-medgidia\/#breadcrumb\"},\"inLanguage\":\"ro-RO\",\"potentialAction\":[{\"@type\":\"ReadAction\",\"target\":[\"https:\/\/salutdobrogea.ro\/index.php\/2024\/02\/29\/spectacol-dedicat-mamei-la-casa-de-cultura-medgidia\/\"]}]},{\"@type\":\"ImageObject\",\"inLanguage\":\"ro-RO\",\"@id\":\"https:\/\/salutdobrogea.ro\/index.php\/2024\/02\/29\/spectacol-dedicat-mamei-la-casa-de-cultura-medgidia\/#primaryimage\",\"url\":\"https:\/\/salutdobrogea.ro\/wp-content\/uploads\/2024\/03\/spectacol-mama.jpg\",\"contentUrl\":\"https:\/\/salutdobrogea.ro\/wp-content\/uploads\/2024\/03\/spectacol-mama.jpg\",\"width\":843,\"height\":1192},{\"@type\":\"BreadcrumbList\",\"@id\":\"https:\/\/salutdobrogea.ro\/index.php\/2024\/02\/29\/spectacol-dedicat-mamei-la-casa-de-cultura-medgidia\/#breadcrumb\",\"itemListElement\":[{\"@type\":\"ListItem\",\"position\":1,\"name\":\"Prima pagin\u0103\",\"item\":\"https:\/\/salutdobrogea.ro\/\"},{\"@type\":\"ListItem\",\"position\":2,\"name\":\"Spectacol dedicat mamei, la Casa de Cultur\u0103 Medgidia\"}]},{\"@type\":\"WebSite\",\"@id\":\"https:\/\/salutdobrogea.ro\/#website\",\"url\":\"https:\/\/salutdobrogea.ro\/\",\"name\":\"SALUT DOBROGEA!\",\"description\":\"ziar de informare \u0219i atitudine\",\"publisher\":{\"@id\":\"https:\/\/salutdobrogea.ro\/#organization\"},\"potentialAction\":[{\"@type\":\"SearchAction\",\"target\":{\"@type\":\"EntryPoint\",\"urlTemplate\":\"https:\/\/salutdobrogea.ro\/?s={search_term_string}\"},\"query-input\":{\"@type\":\"PropertyValueSpecification\",\"valueRequired\":true,\"valueName\":\"search_term_string\"}}],\"inLanguage\":\"ro-RO\"},{\"@type\":\"Organization\",\"@id\":\"https:\/\/salutdobrogea.ro\/#organization\",\"name\":\"SALUT DOBROGEA!\",\"url\":\"https:\/\/salutdobrogea.ro\/\",\"logo\":{\"@type\":\"ImageObject\",\"inLanguage\":\"ro-RO\",\"@id\":\"https:\/\/salutdobrogea.ro\/#\/schema\/logo\/image\/\",\"url\":\"https:\/\/salutdobrogea.ro\/wp-content\/uploads\/2021\/09\/Logo-SD_Left-Dark.png\",\"contentUrl\":\"https:\/\/salutdobrogea.ro\/wp-content\/uploads\/2021\/09\/Logo-SD_Left-Dark.png\",\"width\":3978,\"height\":840,\"caption\":\"SALUT DOBROGEA!\"},\"image\":{\"@id\":\"https:\/\/salutdobrogea.ro\/#\/schema\/logo\/image\/\"},\"sameAs\":[\"https:\/\/www.facebook.com\/Salut-Dobrogea-ziar-regional-109038338217571\"]},{\"@type\":\"Person\",\"@id\":\"https:\/\/salutdobrogea.ro\/#\/schema\/person\/bbcddc03d690946f9e40b57dd55a08fa\",\"name\":\"admin\",\"image\":{\"@type\":\"ImageObject\",\"inLanguage\":\"ro-RO\",\"@id\":\"https:\/\/secure.gravatar.com\/avatar\/46f1f00f48c1d950f263e68956bca86a82b2ae8bece37a0ffe8ce76176036613?s=96&d=mm&r=g\",\"url\":\"https:\/\/secure.gravatar.com\/avatar\/46f1f00f48c1d950f263e68956bca86a82b2ae8bece37a0ffe8ce76176036613?s=96&d=mm&r=g\",\"contentUrl\":\"https:\/\/secure.gravatar.com\/avatar\/46f1f00f48c1d950f263e68956bca86a82b2ae8bece37a0ffe8ce76176036613?s=96&d=mm&r=g\",\"caption\":\"admin\"},\"sameAs\":[\"https:\/\/salutdobrogea.ro\"],\"url\":\"https:\/\/salutdobrogea.ro\/index.php\/author\/admin\/\"}]}<\/script>\n<!-- \/ Yoast SEO plugin. -->","yoast_head_json":{"title":"Spectacol dedicat mamei, la Casa de Cultur\u0103 Medgidia - SALUT DOBROGEA!","description":"Prim\u0103vara debuteaz\u0103 cu un spectacol dedicat mamelor de pretutindeni, la Medgidia, evenimentul fiind organizat de prim\u0103rie.","robots":{"index":"index","follow":"follow","max-snippet":"max-snippet:-1","max-image-preview":"max-image-preview:large","max-video-preview":"max-video-preview:-1"},"canonical":"https:\/\/salutdobrogea.ro\/index.php\/2024\/02\/29\/spectacol-dedicat-mamei-la-casa-de-cultura-medgidia\/","og_locale":"ro_RO","og_type":"article","og_title":"Spectacol dedicat mamei, la Casa de Cultur\u0103 Medgidia - SALUT DOBROGEA!","og_description":"Prim\u0103vara debuteaz\u0103 cu un spectacol dedicat mamelor de pretutindeni, la Medgidia, evenimentul fiind organizat de prim\u0103rie.","og_url":"https:\/\/salutdobrogea.ro\/index.php\/2024\/02\/29\/spectacol-dedicat-mamei-la-casa-de-cultura-medgidia\/","og_site_name":"SALUT DOBROGEA!","article_publisher":"https:\/\/www.facebook.com\/Salut-Dobrogea-ziar-regional-109038338217571","article_published_time":"2024-02-29T19:12:01+00:00","article_modified_time":"2024-03-01T01:59:51+00:00","og_image":[{"width":843,"height":1192,"url":"https:\/\/salutdobrogea.ro\/wp-content\/uploads\/2024\/03\/spectacol-mama.jpg","type":"image\/jpeg"}],"author":"admin","twitter_card":"summary_large_image","twitter_misc":{"Scris de":"admin","Timp estimat pentru citire":"1 minut"},"schema":{"@context":"https:\/\/schema.org","@graph":[{"@type":"Article","@id":"https:\/\/salutdobrogea.ro\/index.php\/2024\/02\/29\/spectacol-dedicat-mamei-la-casa-de-cultura-medgidia\/#article","isPartOf":{"@id":"https:\/\/salutdobrogea.ro\/index.php\/2024\/02\/29\/spectacol-dedicat-mamei-la-casa-de-cultura-medgidia\/"},"author":{"name":"admin","@id":"https:\/\/salutdobrogea.ro\/#\/schema\/person\/bbcddc03d690946f9e40b57dd55a08fa"},"headline":"Spectacol dedicat mamei, la Casa de Cultur\u0103 Medgidia","datePublished":"2024-02-29T19:12:01+00:00","dateModified":"2024-03-01T01:59:51+00:00","mainEntityOfPage":{"@id":"https:\/\/salutdobrogea.ro\/index.php\/2024\/02\/29\/spectacol-dedicat-mamei-la-casa-de-cultura-medgidia\/"},"wordCount":128,"commentCount":0,"publisher":{"@id":"https:\/\/salutdobrogea.ro\/#organization"},"image":{"@id":"https:\/\/salutdobrogea.ro\/index.php\/2024\/02\/29\/spectacol-dedicat-mamei-la-casa-de-cultura-medgidia\/#primaryimage"},"thumbnailUrl":"https:\/\/salutdobrogea.ro\/wp-content\/uploads\/2024\/03\/spectacol-mama.jpg","keywords":["Casa de Cultur\u0103 Ioan N Roman Medgidia","Medgidia","Prim\u0103ria Medgidia","spectacol","Ziua Mamei"],"articleSection":["Salut, Medgidia!"],"inLanguage":"ro-RO","potentialAction":[{"@type":"CommentAction","name":"Comment","target":["https:\/\/salutdobrogea.ro\/index.php\/2024\/02\/29\/spectacol-dedicat-mamei-la-casa-de-cultura-medgidia\/#respond"]}]},{"@type":"WebPage","@id":"https:\/\/salutdobrogea.ro\/index.php\/2024\/02\/29\/spectacol-dedicat-mamei-la-casa-de-cultura-medgidia\/","url":"https:\/\/salutdobrogea.ro\/index.php\/2024\/02\/29\/spectacol-dedicat-mamei-la-casa-de-cultura-medgidia\/","name":"Spectacol dedicat mamei, la Casa de Cultur\u0103 Medgidia - SALUT DOBROGEA!","isPartOf":{"@id":"https:\/\/salutdobrogea.ro\/#website"},"primaryImageOfPage":{"@id":"https:\/\/salutdobrogea.ro\/index.php\/2024\/02\/29\/spectacol-dedicat-mamei-la-casa-de-cultura-medgidia\/#primaryimage"},"image":{"@id":"https:\/\/salutdobrogea.ro\/index.php\/2024\/02\/29\/spectacol-dedicat-mamei-la-casa-de-cultura-medgidia\/#primaryimage"},"thumbnailUrl":"https:\/\/salutdobrogea.ro\/wp-content\/uploads\/2024\/03\/spectacol-mama.jpg","datePublished":"2024-02-29T19:12:01+00:00","dateModified":"2024-03-01T01:59:51+00:00","description":"Prim\u0103vara debuteaz\u0103 cu un spectacol dedicat mamelor de pretutindeni, la Medgidia, evenimentul fiind organizat de prim\u0103rie.","breadcrumb":{"@id":"https:\/\/salutdobrogea.ro\/index.php\/2024\/02\/29\/spectacol-dedicat-mamei-la-casa-de-cultura-medgidia\/#breadcrumb"},"inLanguage":"ro-RO","potentialAction":[{"@type":"ReadAction","target":["https:\/\/salutdobrogea.ro\/index.php\/2024\/02\/29\/spectacol-dedicat-mamei-la-casa-de-cultura-medgidia\/"]}]},{"@type":"ImageObject","inLanguage":"ro-RO","@id":"https:\/\/salutdobrogea.ro\/index.php\/2024\/02\/29\/spectacol-dedicat-mamei-la-casa-de-cultura-medgidia\/#primaryimage","url":"https:\/\/salutdobrogea.ro\/wp-content\/uploads\/2024\/03\/spectacol-mama.jpg","contentUrl":"https:\/\/salutdobrogea.ro\/wp-content\/uploads\/2024\/03\/spectacol-mama.jpg","width":843,"height":1192},{"@type":"BreadcrumbList","@id":"https:\/\/salutdobrogea.ro\/index.php\/2024\/02\/29\/spectacol-dedicat-mamei-la-casa-de-cultura-medgidia\/#breadcrumb","itemListElement":[{"@type":"ListItem","position":1,"name":"Prima pagin\u0103","item":"https:\/\/salutdobrogea.ro\/"},{"@type":"ListItem","position":2,"name":"Spectacol dedicat mamei, la Casa de Cultur\u0103 Medgidia"}]},{"@type":"WebSite","@id":"https:\/\/salutdobrogea.ro\/#website","url":"https:\/\/salutdobrogea.ro\/","name":"SALUT DOBROGEA!","description":"ziar de informare \u0219i atitudine","publisher":{"@id":"https:\/\/salutdobrogea.ro\/#organization"},"potentialAction":[{"@type":"SearchAction","target":{"@type":"EntryPoint","urlTemplate":"https:\/\/salutdobrogea.ro\/?s={search_term_string}"},"query-input":{"@type":"PropertyValueSpecification","valueRequired":true,"valueName":"search_term_string"}}],"inLanguage":"ro-RO"},{"@type":"Organization","@id":"https:\/\/salutdobrogea.ro\/#organization","name":"SALUT DOBROGEA!","url":"https:\/\/salutdobrogea.ro\/","logo":{"@type":"ImageObject","inLanguage":"ro-RO","@id":"https:\/\/salutdobrogea.ro\/#\/schema\/logo\/image\/","url":"https:\/\/salutdobrogea.ro\/wp-content\/uploads\/2021\/09\/Logo-SD_Left-Dark.png","contentUrl":"https:\/\/salutdobrogea.ro\/wp-content\/uploads\/2021\/09\/Logo-SD_Left-Dark.png","width":3978,"height":840,"caption":"SALUT DOBROGEA!"},"image":{"@id":"https:\/\/salutdobrogea.ro\/#\/schema\/logo\/image\/"},"sameAs":["https:\/\/www.facebook.com\/Salut-Dobrogea-ziar-regional-109038338217571"]},{"@type":"Person","@id":"https:\/\/salutdobrogea.ro\/#\/schema\/person\/bbcddc03d690946f9e40b57dd55a08fa","name":"admin","image":{"@type":"ImageObject","inLanguage":"ro-RO","@id":"https:\/\/secure.gravatar.com\/avatar\/46f1f00f48c1d950f263e68956bca86a82b2ae8bece37a0ffe8ce76176036613?s=96&d=mm&r=g","url":"https:\/\/secure.gravatar.com\/avatar\/46f1f00f48c1d950f263e68956bca86a82b2ae8bece37a0ffe8ce76176036613?s=96&d=mm&r=g","contentUrl":"https:\/\/secure.gravatar.com\/avatar\/46f1f00f48c1d950f263e68956bca86a82b2ae8bece37a0ffe8ce76176036613?s=96&d=mm&r=g","caption":"admin"},"sameAs":["https:\/\/salutdobrogea.ro"],"url":"https:\/\/salutdobrogea.ro\/index.php\/author\/admin\/"}]}},"_links":{"self":[{"href":"https:\/\/salutdobrogea.ro\/index.php\/wp-json\/wp\/v2\/posts\/8327","targetHints":{"allow":["GET"]}}],"collection":[{"href":"https:\/\/salutdobrogea.ro\/index.php\/wp-json\/wp\/v2\/posts"}],"about":[{"href":"https:\/\/salutdobrogea.ro\/index.php\/wp-json\/wp\/v2\/types\/post"}],"author":[{"embeddable":true,"href":"https:\/\/salutdobrogea.ro\/index.php\/wp-json\/wp\/v2\/users\/1"}],"replies":[{"embeddable":true,"href":"https:\/\/salutdobrogea.ro\/index.php\/wp-json\/wp\/v2\/comments?post=8327"}],"version-history":[{"count":1,"href":"https:\/\/salutdobrogea.ro\/index.php\/wp-json\/wp\/v2\/posts\/8327\/revisions"}],"predecessor-version":[{"id":8329,"href":"https:\/\/salutdobrogea.ro\/index.php\/wp-json\/wp\/v2\/posts\/8327\/revisions\/8329"}],"wp:featuredmedia":[{"embeddable":true,"href":"https:\/\/salutdobrogea.ro\/index.php\/wp-json\/wp\/v2\/media\/8328"}],"wp:attachment":[{"href":"https:\/\/salutdobrogea.ro\/index.php\/wp-json\/wp\/v2\/media?parent=8327"}],"wp:term":[{"taxonomy":"category","embeddable":true,"href":"https:\/\/salutdobrogea.ro\/index.php\/wp-json\/wp\/v2\/categories?post=8327"},{"taxonomy":"post_tag","embeddable":true,"href":"https:\/\/salutdobrogea.ro\/index.php\/wp-json\/wp\/v2\/tags?post=8327"}],"curies":[{"name":"wp","href":"https:\/\/api.w.org\/{rel}","templated":true}]}}