{"id":6716,"date":"2023-08-16T23:43:30","date_gmt":"2023-08-16T23:43:30","guid":{"rendered":"https:\/\/salutdobrogea.ro\/?p=6716"},"modified":"2023-08-17T12:23:01","modified_gmt":"2023-08-17T12:23:01","slug":"sarbatoare-pe-18-august-cantec-joc-si-voie-buna-la-ziua-comunei-cerna","status":"publish","type":"post","link":"https:\/\/salutdobrogea.ro\/index.php\/2023\/08\/16\/sarbatoare-pe-18-august-cantec-joc-si-voie-buna-la-ziua-comunei-cerna\/","title":{"rendered":"S\u0103rb\u0103toare, pe 18 august: C\u00e2ntec, joc \u0219i voie bun\u0103, la Ziua Comunei Cerna!"},"content":{"rendered":"\t\t<div data-elementor-type=\"wp-post\" data-elementor-id=\"6716\" class=\"elementor elementor-6716\">\n\t\t\t\t\t\t<section class=\"elementor-section elementor-top-section elementor-element elementor-element-7972c18e elementor-section-boxed elementor-section-height-default elementor-section-height-default\" data-id=\"7972c18e\" data-element_type=\"section\" data-e-type=\"section\">\n\t\t\t\t\t\t<div class=\"elementor-container elementor-column-gap-default\">\n\t\t\t\t\t<div class=\"elementor-column elementor-col-100 elementor-top-column elementor-element elementor-element-25eb33af\" data-id=\"25eb33af\" data-element_type=\"column\" data-e-type=\"column\">\n\t\t\t<div class=\"elementor-widget-wrap elementor-element-populated\">\n\t\t\t\t\t\t<div class=\"elementor-element elementor-element-75483a65 elementor-widget elementor-widget-text-editor\" data-id=\"75483a65\" data-element_type=\"widget\" data-e-type=\"widget\" data-widget_type=\"text-editor.default\">\n\t\t\t\t<div class=\"elementor-widget-container\">\n\t\t\t\t\t\t\t\t\t<p><strong>C\u00e2ntec, joc \u0219i voie bun\u0103, la Ziua Comunei Cerna. Evenimentul va avea loc vineri, 18 august, \u00eencep\u00e2nd cu ora 15.00, la baza sportiv\u0103 din localitate. Vali Vijelie, Liviu \u0219i Andrei, Marian Cozma \u0219i Ansamblul \u2033Altona\u2036 sunt doar c\u00e2teva dintre surprizele preg\u0103tite de administra\u021bia local\u0103 pentru locuitorii comunei.<\/strong><\/p><p>Comuna Cerna este situat\u0103 la poalele Mun\u021bilor M\u0103cin, \u00een zona de vest a Podi\u0219ului nord-dobrogean, la 55 km distan\u021b\u0103 de municipiul Tulcea \u0219i 26 km de ora\u0219ul M\u0103cin. Unitatea administrativ-teritorial\u0103 este alc\u0103tuit\u0103 din satele Cerna, Traian, Mircea Vod\u0103 \u0219i General Praporgescu. Localitatea de re\u0219edin\u021b\u0103, Cerna, este punct de plecare pentru traseele din Mun\u021bii M\u0103cin. \u00cen sat se afl\u0103 \u0219i Casa Memorial\u0103 \u2033Panait Cerna\u2036, muzeul cu exponate ce evoc\u0103 via\u021ba poetului fiind una dintre principalele atrac\u021bii turistice ale zonei. \u00cen localitate se afl\u0103 \u0219i un centru de echita\u021bie care organizeaz\u0103 excursii c\u0103lare \u00een Mun\u021bii M\u0103cinului. \u00cen vecin\u0103tatea comunei se afl\u0103 \u0219i Lacul Iacobdeal, un alt obiectiv turistic \u00eendr\u0103git de vizitatori.<\/p><p><strong>S\u0103rb\u0103toarea a fost mutat\u0103 \u00een var\u0103<\/strong><\/p><p>P\u00e2n\u0103 anul trecut, Ziua Comunei Cerna se s\u0103rb\u0103torea pe 8 septembrie, de Na\u0219terea Maicii Domnului, sau, a\u0219a cum este cunoscut\u0103 s\u0103rb\u0103toarea \u00een popor, de Sf\u00e2nta M\u0103rie Mic\u0103. Anul acesta, administra\u021bia local\u0103 a luat hot\u0103r\u00e2rea ca Ziua Comunei s\u0103 fie marcat\u0103 pe 18 august. \u2033Am luat aceast\u0103 decizie pentru ca \u0219i fiii comunei pleca\u021bi \u00een str\u0103in\u0103tate, s\u0103 se poat\u0103 bucura de s\u0103rb\u0103toare. Este perioada vacan\u021belor \u0219i pentru cei din diaspora, iar mul\u021bi dintre ei se \u00eentorc \u00een \u021bar\u0103 \u0219i revin \u00een locurile natale. \u0218i a\u0219a este frumos, s\u0103 petrecem \u00eempreun\u0103 de ziua comunei noastre. Pe aceast\u0103 cale, \u00eei invit pe to\u021bi locuitorii comunei, dar \u0219i pe oaspe\u021bii care vor s\u0103 ne fie al\u0103turi \u00een zi de s\u0103rb\u0103toare, la Baza sportiv\u0103 Cerna, unde ne vom bucura de un program artistic cu invita\u021bi de renume\u2036, ne-a declarat Petre \u0218opu, primarul comunei Cerna.<\/p><p><strong>Vali Vijelie, cap de afi\u0219<\/strong><\/p><p>Atmosfera va fi una incendiar\u0103, promit organizatorii, iar de la petrecere nu vor lipsi dansurile tradi\u021bionale sau concerte ale unor arti\u0219ti renumi\u021bi. Cap de afi\u0219 al evenimentului este nimeni altul dec\u00e2t Vali Vijelie, care \u00eei va \u00eenc\u00e2nta pe participan\u021bi cu cele mai fredonate piese ale sale.<\/p><p>Din program mai fac parte \u0219i momente ale altor arti\u0219ti \u00eendr\u0103gi\u021bi printre care Marian Cozma &#8211; al c\u0103rui tat\u0103 este originar din Cerna &#8211; al\u0103turi de taraful s\u0103u, Grupul de chitari\u0219ti \u2033Amicii\u2036, Biloi de la Mangalia, Grupurile \u2033Demetra\u2036, \u2033Nuferii Deltei\u2036, \u2033Meleaguri Dobrogene\u2036, \u2033Hora Maxinenilor\u2036, Ansamblurile \u2033Altona\u2036, \u2033Katiu\u0219a\u2036, \u2033Pandora\u2036 \u0219i \u2033Tuna\u2036.<\/p><p><strong>Marian Cozma, concert maraton<\/strong><\/p><p>Artistul Marian Cozma sus\u021bine c\u0103, de fiecare dat\u0103 c\u00e2nd revine pe aceste meleaguri pentru o c\u00e2ntare, se simte ca acas\u0103. \u2033M\u0103 bucur s\u0103 fiu prezent la Ziua Comunei Cerna, unde, al\u0103turi de orchestr\u0103, vom face \u00eenchiderea evenimentului. Practic, am preg\u0103tit un program de dou\u0103 ore \u0219i jum\u0103tate. M\u0103 simt bine de fiecare dat\u0103 c\u00e2nd revin \u00een zon\u0103 pentru c\u0103 acolo sunt r\u0103d\u0103cinile p\u0103rin\u021bilor mei, tat\u0103l meu este din Traian. Cunosc mult\u0103 lume de prin partea locului \u0219i am amintiri frumoase de acolo. C\u00e2nd eram mic, mergeam destul de des \u00een vizit\u0103 la verii mei, \u00een perioada vacan\u021belor\u2036, ne-a declarat Marian Cozma. Din concert nu vor lipsi piesele \u2033Drag\u0103 tat\u0103\u2036 \u0219i \u2033Lun\u0103 alb\u0103\u2036, care se num\u0103r\u0103 printre cele mai \u00eendr\u0103gite de public.<\/p><p><strong>Ansamblul folcloric meglenorom\u00e2n \u2033Altona\u2036, emblema comunei<\/strong><\/p><p>Ansamblul folcloric meglenorom\u00e2n \u2033Altona\u2036 este emblema comunei Cerna. \u00cenfiin\u021bat \u00een 1997, grupul de dansatori are \u00een palmares numeroase premii interne \u0219i interna\u021bionale, num\u0103r\u0103 70 de copii \u0219i este coordonat de Andreia Tanur, pre\u0219edintele Asocia\u021biei \u2033Altona\u2036.<\/p><p>Pe scen\u0103 vor mai urca interpretele Ionelia Lefteric\u0103, Elena Nistor, Denisa Maria Tanur, Mihaela Stan, Mirela Lep\u0103datu \u0219i Mara Glug\u0103. Evenimentul va fi prezentat de vedetele Antena 1 Liviu \u0219i Andrei.<\/p><p>Foto credit: Andreia Tanur<\/p>\t\t\t\t\t\t\t\t<\/div>\n\t\t\t\t<\/div>\n\t\t\t\t\t<\/div>\n\t\t<\/div>\n\t\t\t\t\t<\/div>\n\t\t<\/section>\n\t\t\t\t<section class=\"elementor-section elementor-top-section elementor-element elementor-element-8489035 elementor-section-boxed elementor-section-height-default elementor-section-height-default\" data-id=\"8489035\" data-element_type=\"section\" data-e-type=\"section\">\n\t\t\t\t\t\t<div class=\"elementor-container elementor-column-gap-default\">\n\t\t\t\t\t<div class=\"elementor-column elementor-col-100 elementor-top-column elementor-element elementor-element-0b4ec01\" data-id=\"0b4ec01\" data-element_type=\"column\" data-e-type=\"column\">\n\t\t\t<div class=\"elementor-widget-wrap elementor-element-populated\">\n\t\t\t\t\t\t<div class=\"elementor-element elementor-element-132a7ab elementor-arrows-position-inside elementor-pagination-position-outside elementor-widget elementor-widget-image-carousel\" data-id=\"132a7ab\" data-element_type=\"widget\" data-e-type=\"widget\" data-settings=\"{&quot;navigation&quot;:&quot;both&quot;,&quot;autoplay&quot;:&quot;yes&quot;,&quot;pause_on_hover&quot;:&quot;yes&quot;,&quot;pause_on_interaction&quot;:&quot;yes&quot;,&quot;autoplay_speed&quot;:5000,&quot;infinite&quot;:&quot;yes&quot;,&quot;speed&quot;:500}\" data-widget_type=\"image-carousel.default\">\n\t\t\t\t<div class=\"elementor-widget-container\">\n\t\t\t\t\t\t\t<div class=\"elementor-image-carousel-wrapper swiper\" role=\"region\" aria-roledescription=\"carousel\" aria-label=\"Carusel de imagini\" dir=\"ltr\">\n\t\t\t<div class=\"elementor-image-carousel swiper-wrapper\" aria-live=\"off\">\n\t\t\t\t\t\t\t\t<div class=\"swiper-slide\" role=\"group\" aria-roledescription=\"slide\" aria-label=\"1 din 4\"><a data-elementor-open-lightbox=\"yes\" data-elementor-lightbox-slideshow=\"132a7ab\" data-elementor-lightbox-title=\"Altona Cerna 2\" data-e-action-hash=\"#elementor-action%3Aaction%3Dlightbox%26settings%3DeyJpZCI6NjcyMywidXJsIjoiaHR0cHM6XC9cL3NhbHV0ZG9icm9nZWEucm9cL3dwLWNvbnRlbnRcL3VwbG9hZHNcLzIwMjNcLzA4XC9BbHRvbmEtQ2VybmEtMi5qcGciLCJzbGlkZXNob3ciOiIxMzJhN2FiIn0%3D\" href=\"https:\/\/salutdobrogea.ro\/wp-content\/uploads\/2023\/08\/Altona-Cerna-2.jpg\"><figure class=\"swiper-slide-inner\"><img decoding=\"async\" class=\"swiper-slide-image\" src=\"https:\/\/salutdobrogea.ro\/wp-content\/uploads\/2023\/08\/Altona-Cerna-2-150x150.jpg\" alt=\"Altona Cerna 2\" \/><\/figure><\/a><\/div><div class=\"swiper-slide\" role=\"group\" aria-roledescription=\"slide\" aria-label=\"2 din 4\"><a data-elementor-open-lightbox=\"yes\" data-elementor-lightbox-slideshow=\"132a7ab\" data-elementor-lightbox-title=\"Altona Cerna\" data-e-action-hash=\"#elementor-action%3Aaction%3Dlightbox%26settings%3DeyJpZCI6NjcyNCwidXJsIjoiaHR0cHM6XC9cL3NhbHV0ZG9icm9nZWEucm9cL3dwLWNvbnRlbnRcL3VwbG9hZHNcLzIwMjNcLzA4XC9BbHRvbmEtQ2VybmEuanBnIiwic2xpZGVzaG93IjoiMTMyYTdhYiJ9\" href=\"https:\/\/salutdobrogea.ro\/wp-content\/uploads\/2023\/08\/Altona-Cerna.jpg\"><figure class=\"swiper-slide-inner\"><img decoding=\"async\" class=\"swiper-slide-image\" src=\"https:\/\/salutdobrogea.ro\/wp-content\/uploads\/2023\/08\/Altona-Cerna-150x150.jpg\" alt=\"Altona Cerna\" \/><\/figure><\/a><\/div><div class=\"swiper-slide\" role=\"group\" aria-roledescription=\"slide\" aria-label=\"3 din 4\"><a data-elementor-open-lightbox=\"yes\" data-elementor-lightbox-slideshow=\"132a7ab\" data-elementor-lightbox-title=\"Ziua comunei Cerna 2_2\" data-e-action-hash=\"#elementor-action%3Aaction%3Dlightbox%26settings%3DeyJpZCI6NjcyNSwidXJsIjoiaHR0cHM6XC9cL3NhbHV0ZG9icm9nZWEucm9cL3dwLWNvbnRlbnRcL3VwbG9hZHNcLzIwMjNcLzA4XC9aaXVhLWNvbXVuZWktQ2VybmEtMl8yLmpwZyIsInNsaWRlc2hvdyI6IjEzMmE3YWIifQ%3D%3D\" href=\"https:\/\/salutdobrogea.ro\/wp-content\/uploads\/2023\/08\/Ziua-comunei-Cerna-2_2.jpg\"><figure class=\"swiper-slide-inner\"><img decoding=\"async\" class=\"swiper-slide-image\" src=\"https:\/\/salutdobrogea.ro\/wp-content\/uploads\/2023\/08\/Ziua-comunei-Cerna-2_2-150x150.jpg\" alt=\"Ziua comunei Cerna 2_2\" \/><\/figure><\/a><\/div><div class=\"swiper-slide\" role=\"group\" aria-roledescription=\"slide\" aria-label=\"4 din 4\"><a data-elementor-open-lightbox=\"yes\" data-elementor-lightbox-slideshow=\"132a7ab\" data-elementor-lightbox-title=\"Ziua comunei Cerna 2\" data-e-action-hash=\"#elementor-action%3Aaction%3Dlightbox%26settings%3DeyJpZCI6NjcxNywidXJsIjoiaHR0cHM6XC9cL3NhbHV0ZG9icm9nZWEucm9cL3dwLWNvbnRlbnRcL3VwbG9hZHNcLzIwMjNcLzA4XC9aaXVhLWNvbXVuZWktQ2VybmEtMi5qcGciLCJzbGlkZXNob3ciOiIxMzJhN2FiIn0%3D\" href=\"https:\/\/salutdobrogea.ro\/wp-content\/uploads\/2023\/08\/Ziua-comunei-Cerna-2.jpg\"><figure class=\"swiper-slide-inner\"><img decoding=\"async\" class=\"swiper-slide-image\" src=\"https:\/\/salutdobrogea.ro\/wp-content\/uploads\/2023\/08\/Ziua-comunei-Cerna-2-150x150.jpg\" alt=\"Ziua comunei Cerna 2\" \/><\/figure><\/a><\/div>\t\t\t<\/div>\n\t\t\t\t\t\t\t\t\t\t\t\t<div class=\"elementor-swiper-button elementor-swiper-button-prev\" role=\"button\" tabindex=\"0\">\n\t\t\t\t\t\t<i aria-hidden=\"true\" class=\"eicon-chevron-left\"><\/i>\t\t\t\t\t<\/div>\n\t\t\t\t\t<div class=\"elementor-swiper-button elementor-swiper-button-next\" role=\"button\" tabindex=\"0\">\n\t\t\t\t\t\t<i aria-hidden=\"true\" class=\"eicon-chevron-right\"><\/i>\t\t\t\t\t<\/div>\n\t\t\t\t\n\t\t\t\t\t\t\t\t\t<div class=\"swiper-pagination\"><\/div>\n\t\t\t\t\t\t\t\t\t<\/div>\n\t\t\t\t\t\t<\/div>\n\t\t\t\t<\/div>\n\t\t\t\t\t<\/div>\n\t\t<\/div>\n\t\t\t\t\t<\/div>\n\t\t<\/section>\n\t\t\t\t<\/div>\n\t\t","protected":false},"excerpt":{"rendered":"<p>C\u00e2ntec, joc \u0219i voie bun\u0103, la Ziua Comunei Cerna. Evenimentul va avea loc vineri, 18 august, \u00eencep\u00e2nd cu ora 15.00, la baza sportiv\u0103 din localitate.<\/p>\n","protected":false},"author":1,"featured_media":6717,"comment_status":"open","ping_status":"open","sticky":false,"template":"","format":"standard","meta":{"footnotes":""},"categories":[16],"tags":[715,712,1050,1070,1073,537,945,1072,1069,1068],"class_list":["post-6716","post","type-post","status-publish","format-standard","has-post-thumbnail","hentry","category-actualitate","tag-altona","tag-andreia-tanur","tag-concerte","tag-marian-cozma","tag-meglenoromani","tag-petre-sopu","tag-petrecere","tag-primaria-cerna","tag-vali-vijelie","tag-ziua-comunei-cerna"],"yoast_head":"<!-- This site is optimized with the Yoast SEO plugin v27.2 - https:\/\/yoast.com\/product\/yoast-seo-wordpress\/ -->\n<title>S\u0103rb\u0103toare, pe 18 august: C\u00e2ntec, joc \u0219i voie bun\u0103, la Ziua Comunei Cerna! - SALUT DOBROGEA!<\/title>\n<meta name=\"description\" content=\"Ziua Comunei Cerna a fost mutat\u0103 de pe 8 septembrie, pe 18 august, astfel \u00eenc\u00e2t s\u0103 poat\u0103 participa \u0219i fiii comunei stabili\u021bi \u00een diaspora .\" \/>\n<meta name=\"robots\" content=\"index, follow, max-snippet:-1, max-image-preview:large, max-video-preview:-1\" \/>\n<link rel=\"canonical\" href=\"https:\/\/salutdobrogea.ro\/index.php\/2023\/08\/16\/sarbatoare-pe-18-august-cantec-joc-si-voie-buna-la-ziua-comunei-cerna\/\" \/>\n<meta property=\"og:locale\" content=\"ro_RO\" \/>\n<meta property=\"og:type\" content=\"article\" \/>\n<meta property=\"og:title\" content=\"S\u0103rb\u0103toare, pe 18 august: C\u00e2ntec, joc \u0219i voie bun\u0103, la Ziua Comunei Cerna! - SALUT DOBROGEA!\" \/>\n<meta property=\"og:description\" content=\"Ziua Comunei Cerna a fost mutat\u0103 de pe 8 septembrie, pe 18 august, astfel \u00eenc\u00e2t s\u0103 poat\u0103 participa \u0219i fiii comunei stabili\u021bi \u00een diaspora .\" \/>\n<meta property=\"og:url\" content=\"https:\/\/salutdobrogea.ro\/index.php\/2023\/08\/16\/sarbatoare-pe-18-august-cantec-joc-si-voie-buna-la-ziua-comunei-cerna\/\" \/>\n<meta property=\"og:site_name\" content=\"SALUT DOBROGEA!\" \/>\n<meta property=\"article:publisher\" content=\"https:\/\/www.facebook.com\/Salut-Dobrogea-ziar-regional-109038338217571\" \/>\n<meta property=\"article:published_time\" content=\"2023-08-16T23:43:30+00:00\" \/>\n<meta property=\"article:modified_time\" content=\"2023-08-17T12:23:01+00:00\" \/>\n<meta property=\"og:image\" content=\"https:\/\/salutdobrogea.ro\/wp-content\/uploads\/2023\/08\/Ziua-comunei-Cerna-2.jpg\" \/>\n\t<meta property=\"og:image:width\" content=\"2048\" \/>\n\t<meta property=\"og:image:height\" content=\"1536\" \/>\n\t<meta property=\"og:image:type\" content=\"image\/jpeg\" \/>\n<meta name=\"author\" content=\"admin\" \/>\n<meta name=\"twitter:card\" content=\"summary_large_image\" \/>\n<meta name=\"twitter:label1\" content=\"Scris de\" \/>\n\t<meta name=\"twitter:data1\" content=\"admin\" \/>\n\t<meta name=\"twitter:label2\" content=\"Timp estimat pentru citire\" \/>\n\t<meta name=\"twitter:data2\" content=\"6 minute\" \/>\n<script type=\"application\/ld+json\" class=\"yoast-schema-graph\">{\"@context\":\"https:\/\/schema.org\",\"@graph\":[{\"@type\":\"Article\",\"@id\":\"https:\/\/salutdobrogea.ro\/index.php\/2023\/08\/16\/sarbatoare-pe-18-august-cantec-joc-si-voie-buna-la-ziua-comunei-cerna\/#article\",\"isPartOf\":{\"@id\":\"https:\/\/salutdobrogea.ro\/index.php\/2023\/08\/16\/sarbatoare-pe-18-august-cantec-joc-si-voie-buna-la-ziua-comunei-cerna\/\"},\"author\":{\"name\":\"admin\",\"@id\":\"https:\/\/salutdobrogea.ro\/#\/schema\/person\/bbcddc03d690946f9e40b57dd55a08fa\"},\"headline\":\"S\u0103rb\u0103toare, pe 18 august: C\u00e2ntec, joc \u0219i voie bun\u0103, la Ziua Comunei Cerna!\",\"datePublished\":\"2023-08-16T23:43:30+00:00\",\"dateModified\":\"2023-08-17T12:23:01+00:00\",\"mainEntityOfPage\":{\"@id\":\"https:\/\/salutdobrogea.ro\/index.php\/2023\/08\/16\/sarbatoare-pe-18-august-cantec-joc-si-voie-buna-la-ziua-comunei-cerna\/\"},\"wordCount\":701,\"commentCount\":0,\"publisher\":{\"@id\":\"https:\/\/salutdobrogea.ro\/#organization\"},\"image\":{\"@id\":\"https:\/\/salutdobrogea.ro\/index.php\/2023\/08\/16\/sarbatoare-pe-18-august-cantec-joc-si-voie-buna-la-ziua-comunei-cerna\/#primaryimage\"},\"thumbnailUrl\":\"https:\/\/salutdobrogea.ro\/wp-content\/uploads\/2023\/08\/Ziua-comunei-Cerna-2.jpg\",\"keywords\":[\"Altona\",\"Andreia Tanur\",\"concerte\",\"Marian Cozma\",\"meglenorom\u00e2ni\",\"Petre \u0218opu\",\"petrecere\",\"Prim\u0103ria Cerna\",\"Vali Vijelie\",\"Ziua Comunei Cerna\"],\"articleSection\":[\"Actualitate\"],\"inLanguage\":\"ro-RO\",\"potentialAction\":[{\"@type\":\"CommentAction\",\"name\":\"Comment\",\"target\":[\"https:\/\/salutdobrogea.ro\/index.php\/2023\/08\/16\/sarbatoare-pe-18-august-cantec-joc-si-voie-buna-la-ziua-comunei-cerna\/#respond\"]}]},{\"@type\":\"WebPage\",\"@id\":\"https:\/\/salutdobrogea.ro\/index.php\/2023\/08\/16\/sarbatoare-pe-18-august-cantec-joc-si-voie-buna-la-ziua-comunei-cerna\/\",\"url\":\"https:\/\/salutdobrogea.ro\/index.php\/2023\/08\/16\/sarbatoare-pe-18-august-cantec-joc-si-voie-buna-la-ziua-comunei-cerna\/\",\"name\":\"S\u0103rb\u0103toare, pe 18 august: C\u00e2ntec, joc \u0219i voie bun\u0103, la Ziua Comunei Cerna! - SALUT DOBROGEA!\",\"isPartOf\":{\"@id\":\"https:\/\/salutdobrogea.ro\/#website\"},\"primaryImageOfPage\":{\"@id\":\"https:\/\/salutdobrogea.ro\/index.php\/2023\/08\/16\/sarbatoare-pe-18-august-cantec-joc-si-voie-buna-la-ziua-comunei-cerna\/#primaryimage\"},\"image\":{\"@id\":\"https:\/\/salutdobrogea.ro\/index.php\/2023\/08\/16\/sarbatoare-pe-18-august-cantec-joc-si-voie-buna-la-ziua-comunei-cerna\/#primaryimage\"},\"thumbnailUrl\":\"https:\/\/salutdobrogea.ro\/wp-content\/uploads\/2023\/08\/Ziua-comunei-Cerna-2.jpg\",\"datePublished\":\"2023-08-16T23:43:30+00:00\",\"dateModified\":\"2023-08-17T12:23:01+00:00\",\"description\":\"Ziua Comunei Cerna a fost mutat\u0103 de pe 8 septembrie, pe 18 august, astfel \u00eenc\u00e2t s\u0103 poat\u0103 participa \u0219i fiii comunei stabili\u021bi \u00een diaspora .\",\"breadcrumb\":{\"@id\":\"https:\/\/salutdobrogea.ro\/index.php\/2023\/08\/16\/sarbatoare-pe-18-august-cantec-joc-si-voie-buna-la-ziua-comunei-cerna\/#breadcrumb\"},\"inLanguage\":\"ro-RO\",\"potentialAction\":[{\"@type\":\"ReadAction\",\"target\":[\"https:\/\/salutdobrogea.ro\/index.php\/2023\/08\/16\/sarbatoare-pe-18-august-cantec-joc-si-voie-buna-la-ziua-comunei-cerna\/\"]}]},{\"@type\":\"ImageObject\",\"inLanguage\":\"ro-RO\",\"@id\":\"https:\/\/salutdobrogea.ro\/index.php\/2023\/08\/16\/sarbatoare-pe-18-august-cantec-joc-si-voie-buna-la-ziua-comunei-cerna\/#primaryimage\",\"url\":\"https:\/\/salutdobrogea.ro\/wp-content\/uploads\/2023\/08\/Ziua-comunei-Cerna-2.jpg\",\"contentUrl\":\"https:\/\/salutdobrogea.ro\/wp-content\/uploads\/2023\/08\/Ziua-comunei-Cerna-2.jpg\",\"width\":2048,\"height\":1536},{\"@type\":\"BreadcrumbList\",\"@id\":\"https:\/\/salutdobrogea.ro\/index.php\/2023\/08\/16\/sarbatoare-pe-18-august-cantec-joc-si-voie-buna-la-ziua-comunei-cerna\/#breadcrumb\",\"itemListElement\":[{\"@type\":\"ListItem\",\"position\":1,\"name\":\"Prima pagin\u0103\",\"item\":\"https:\/\/salutdobrogea.ro\/\"},{\"@type\":\"ListItem\",\"position\":2,\"name\":\"S\u0103rb\u0103toare, pe 18 august: C\u00e2ntec, joc \u0219i voie bun\u0103, la Ziua Comunei Cerna!\"}]},{\"@type\":\"WebSite\",\"@id\":\"https:\/\/salutdobrogea.ro\/#website\",\"url\":\"https:\/\/salutdobrogea.ro\/\",\"name\":\"SALUT DOBROGEA!\",\"description\":\"ziar de informare \u0219i atitudine\",\"publisher\":{\"@id\":\"https:\/\/salutdobrogea.ro\/#organization\"},\"potentialAction\":[{\"@type\":\"SearchAction\",\"target\":{\"@type\":\"EntryPoint\",\"urlTemplate\":\"https:\/\/salutdobrogea.ro\/?s={search_term_string}\"},\"query-input\":{\"@type\":\"PropertyValueSpecification\",\"valueRequired\":true,\"valueName\":\"search_term_string\"}}],\"inLanguage\":\"ro-RO\"},{\"@type\":\"Organization\",\"@id\":\"https:\/\/salutdobrogea.ro\/#organization\",\"name\":\"SALUT DOBROGEA!\",\"url\":\"https:\/\/salutdobrogea.ro\/\",\"logo\":{\"@type\":\"ImageObject\",\"inLanguage\":\"ro-RO\",\"@id\":\"https:\/\/salutdobrogea.ro\/#\/schema\/logo\/image\/\",\"url\":\"https:\/\/salutdobrogea.ro\/wp-content\/uploads\/2021\/09\/Logo-SD_Left-Dark.png\",\"contentUrl\":\"https:\/\/salutdobrogea.ro\/wp-content\/uploads\/2021\/09\/Logo-SD_Left-Dark.png\",\"width\":3978,\"height\":840,\"caption\":\"SALUT DOBROGEA!\"},\"image\":{\"@id\":\"https:\/\/salutdobrogea.ro\/#\/schema\/logo\/image\/\"},\"sameAs\":[\"https:\/\/www.facebook.com\/Salut-Dobrogea-ziar-regional-109038338217571\"]},{\"@type\":\"Person\",\"@id\":\"https:\/\/salutdobrogea.ro\/#\/schema\/person\/bbcddc03d690946f9e40b57dd55a08fa\",\"name\":\"admin\",\"image\":{\"@type\":\"ImageObject\",\"inLanguage\":\"ro-RO\",\"@id\":\"https:\/\/secure.gravatar.com\/avatar\/46f1f00f48c1d950f263e68956bca86a82b2ae8bece37a0ffe8ce76176036613?s=96&d=mm&r=g\",\"url\":\"https:\/\/secure.gravatar.com\/avatar\/46f1f00f48c1d950f263e68956bca86a82b2ae8bece37a0ffe8ce76176036613?s=96&d=mm&r=g\",\"contentUrl\":\"https:\/\/secure.gravatar.com\/avatar\/46f1f00f48c1d950f263e68956bca86a82b2ae8bece37a0ffe8ce76176036613?s=96&d=mm&r=g\",\"caption\":\"admin\"},\"sameAs\":[\"https:\/\/salutdobrogea.ro\"],\"url\":\"https:\/\/salutdobrogea.ro\/index.php\/author\/admin\/\"}]}<\/script>\n<!-- \/ Yoast SEO plugin. -->","yoast_head_json":{"title":"S\u0103rb\u0103toare, pe 18 august: C\u00e2ntec, joc \u0219i voie bun\u0103, la Ziua Comunei Cerna! - SALUT DOBROGEA!","description":"Ziua Comunei Cerna a fost mutat\u0103 de pe 8 septembrie, pe 18 august, astfel \u00eenc\u00e2t s\u0103 poat\u0103 participa \u0219i fiii comunei stabili\u021bi \u00een diaspora .","robots":{"index":"index","follow":"follow","max-snippet":"max-snippet:-1","max-image-preview":"max-image-preview:large","max-video-preview":"max-video-preview:-1"},"canonical":"https:\/\/salutdobrogea.ro\/index.php\/2023\/08\/16\/sarbatoare-pe-18-august-cantec-joc-si-voie-buna-la-ziua-comunei-cerna\/","og_locale":"ro_RO","og_type":"article","og_title":"S\u0103rb\u0103toare, pe 18 august: C\u00e2ntec, joc \u0219i voie bun\u0103, la Ziua Comunei Cerna! - SALUT DOBROGEA!","og_description":"Ziua Comunei Cerna a fost mutat\u0103 de pe 8 septembrie, pe 18 august, astfel \u00eenc\u00e2t s\u0103 poat\u0103 participa \u0219i fiii comunei stabili\u021bi \u00een diaspora .","og_url":"https:\/\/salutdobrogea.ro\/index.php\/2023\/08\/16\/sarbatoare-pe-18-august-cantec-joc-si-voie-buna-la-ziua-comunei-cerna\/","og_site_name":"SALUT DOBROGEA!","article_publisher":"https:\/\/www.facebook.com\/Salut-Dobrogea-ziar-regional-109038338217571","article_published_time":"2023-08-16T23:43:30+00:00","article_modified_time":"2023-08-17T12:23:01+00:00","og_image":[{"width":2048,"height":1536,"url":"https:\/\/salutdobrogea.ro\/wp-content\/uploads\/2023\/08\/Ziua-comunei-Cerna-2.jpg","type":"image\/jpeg"}],"author":"admin","twitter_card":"summary_large_image","twitter_misc":{"Scris de":"admin","Timp estimat pentru citire":"6 minute"},"schema":{"@context":"https:\/\/schema.org","@graph":[{"@type":"Article","@id":"https:\/\/salutdobrogea.ro\/index.php\/2023\/08\/16\/sarbatoare-pe-18-august-cantec-joc-si-voie-buna-la-ziua-comunei-cerna\/#article","isPartOf":{"@id":"https:\/\/salutdobrogea.ro\/index.php\/2023\/08\/16\/sarbatoare-pe-18-august-cantec-joc-si-voie-buna-la-ziua-comunei-cerna\/"},"author":{"name":"admin","@id":"https:\/\/salutdobrogea.ro\/#\/schema\/person\/bbcddc03d690946f9e40b57dd55a08fa"},"headline":"S\u0103rb\u0103toare, pe 18 august: C\u00e2ntec, joc \u0219i voie bun\u0103, la Ziua Comunei Cerna!","datePublished":"2023-08-16T23:43:30+00:00","dateModified":"2023-08-17T12:23:01+00:00","mainEntityOfPage":{"@id":"https:\/\/salutdobrogea.ro\/index.php\/2023\/08\/16\/sarbatoare-pe-18-august-cantec-joc-si-voie-buna-la-ziua-comunei-cerna\/"},"wordCount":701,"commentCount":0,"publisher":{"@id":"https:\/\/salutdobrogea.ro\/#organization"},"image":{"@id":"https:\/\/salutdobrogea.ro\/index.php\/2023\/08\/16\/sarbatoare-pe-18-august-cantec-joc-si-voie-buna-la-ziua-comunei-cerna\/#primaryimage"},"thumbnailUrl":"https:\/\/salutdobrogea.ro\/wp-content\/uploads\/2023\/08\/Ziua-comunei-Cerna-2.jpg","keywords":["Altona","Andreia Tanur","concerte","Marian Cozma","meglenorom\u00e2ni","Petre \u0218opu","petrecere","Prim\u0103ria Cerna","Vali Vijelie","Ziua Comunei Cerna"],"articleSection":["Actualitate"],"inLanguage":"ro-RO","potentialAction":[{"@type":"CommentAction","name":"Comment","target":["https:\/\/salutdobrogea.ro\/index.php\/2023\/08\/16\/sarbatoare-pe-18-august-cantec-joc-si-voie-buna-la-ziua-comunei-cerna\/#respond"]}]},{"@type":"WebPage","@id":"https:\/\/salutdobrogea.ro\/index.php\/2023\/08\/16\/sarbatoare-pe-18-august-cantec-joc-si-voie-buna-la-ziua-comunei-cerna\/","url":"https:\/\/salutdobrogea.ro\/index.php\/2023\/08\/16\/sarbatoare-pe-18-august-cantec-joc-si-voie-buna-la-ziua-comunei-cerna\/","name":"S\u0103rb\u0103toare, pe 18 august: C\u00e2ntec, joc \u0219i voie bun\u0103, la Ziua Comunei Cerna! - SALUT DOBROGEA!","isPartOf":{"@id":"https:\/\/salutdobrogea.ro\/#website"},"primaryImageOfPage":{"@id":"https:\/\/salutdobrogea.ro\/index.php\/2023\/08\/16\/sarbatoare-pe-18-august-cantec-joc-si-voie-buna-la-ziua-comunei-cerna\/#primaryimage"},"image":{"@id":"https:\/\/salutdobrogea.ro\/index.php\/2023\/08\/16\/sarbatoare-pe-18-august-cantec-joc-si-voie-buna-la-ziua-comunei-cerna\/#primaryimage"},"thumbnailUrl":"https:\/\/salutdobrogea.ro\/wp-content\/uploads\/2023\/08\/Ziua-comunei-Cerna-2.jpg","datePublished":"2023-08-16T23:43:30+00:00","dateModified":"2023-08-17T12:23:01+00:00","description":"Ziua Comunei Cerna a fost mutat\u0103 de pe 8 septembrie, pe 18 august, astfel \u00eenc\u00e2t s\u0103 poat\u0103 participa \u0219i fiii comunei stabili\u021bi \u00een diaspora .","breadcrumb":{"@id":"https:\/\/salutdobrogea.ro\/index.php\/2023\/08\/16\/sarbatoare-pe-18-august-cantec-joc-si-voie-buna-la-ziua-comunei-cerna\/#breadcrumb"},"inLanguage":"ro-RO","potentialAction":[{"@type":"ReadAction","target":["https:\/\/salutdobrogea.ro\/index.php\/2023\/08\/16\/sarbatoare-pe-18-august-cantec-joc-si-voie-buna-la-ziua-comunei-cerna\/"]}]},{"@type":"ImageObject","inLanguage":"ro-RO","@id":"https:\/\/salutdobrogea.ro\/index.php\/2023\/08\/16\/sarbatoare-pe-18-august-cantec-joc-si-voie-buna-la-ziua-comunei-cerna\/#primaryimage","url":"https:\/\/salutdobrogea.ro\/wp-content\/uploads\/2023\/08\/Ziua-comunei-Cerna-2.jpg","contentUrl":"https:\/\/salutdobrogea.ro\/wp-content\/uploads\/2023\/08\/Ziua-comunei-Cerna-2.jpg","width":2048,"height":1536},{"@type":"BreadcrumbList","@id":"https:\/\/salutdobrogea.ro\/index.php\/2023\/08\/16\/sarbatoare-pe-18-august-cantec-joc-si-voie-buna-la-ziua-comunei-cerna\/#breadcrumb","itemListElement":[{"@type":"ListItem","position":1,"name":"Prima pagin\u0103","item":"https:\/\/salutdobrogea.ro\/"},{"@type":"ListItem","position":2,"name":"S\u0103rb\u0103toare, pe 18 august: C\u00e2ntec, joc \u0219i voie bun\u0103, la Ziua Comunei Cerna!"}]},{"@type":"WebSite","@id":"https:\/\/salutdobrogea.ro\/#website","url":"https:\/\/salutdobrogea.ro\/","name":"SALUT DOBROGEA!","description":"ziar de informare \u0219i atitudine","publisher":{"@id":"https:\/\/salutdobrogea.ro\/#organization"},"potentialAction":[{"@type":"SearchAction","target":{"@type":"EntryPoint","urlTemplate":"https:\/\/salutdobrogea.ro\/?s={search_term_string}"},"query-input":{"@type":"PropertyValueSpecification","valueRequired":true,"valueName":"search_term_string"}}],"inLanguage":"ro-RO"},{"@type":"Organization","@id":"https:\/\/salutdobrogea.ro\/#organization","name":"SALUT DOBROGEA!","url":"https:\/\/salutdobrogea.ro\/","logo":{"@type":"ImageObject","inLanguage":"ro-RO","@id":"https:\/\/salutdobrogea.ro\/#\/schema\/logo\/image\/","url":"https:\/\/salutdobrogea.ro\/wp-content\/uploads\/2021\/09\/Logo-SD_Left-Dark.png","contentUrl":"https:\/\/salutdobrogea.ro\/wp-content\/uploads\/2021\/09\/Logo-SD_Left-Dark.png","width":3978,"height":840,"caption":"SALUT DOBROGEA!"},"image":{"@id":"https:\/\/salutdobrogea.ro\/#\/schema\/logo\/image\/"},"sameAs":["https:\/\/www.facebook.com\/Salut-Dobrogea-ziar-regional-109038338217571"]},{"@type":"Person","@id":"https:\/\/salutdobrogea.ro\/#\/schema\/person\/bbcddc03d690946f9e40b57dd55a08fa","name":"admin","image":{"@type":"ImageObject","inLanguage":"ro-RO","@id":"https:\/\/secure.gravatar.com\/avatar\/46f1f00f48c1d950f263e68956bca86a82b2ae8bece37a0ffe8ce76176036613?s=96&d=mm&r=g","url":"https:\/\/secure.gravatar.com\/avatar\/46f1f00f48c1d950f263e68956bca86a82b2ae8bece37a0ffe8ce76176036613?s=96&d=mm&r=g","contentUrl":"https:\/\/secure.gravatar.com\/avatar\/46f1f00f48c1d950f263e68956bca86a82b2ae8bece37a0ffe8ce76176036613?s=96&d=mm&r=g","caption":"admin"},"sameAs":["https:\/\/salutdobrogea.ro"],"url":"https:\/\/salutdobrogea.ro\/index.php\/author\/admin\/"}]}},"_links":{"self":[{"href":"https:\/\/salutdobrogea.ro\/index.php\/wp-json\/wp\/v2\/posts\/6716","targetHints":{"allow":["GET"]}}],"collection":[{"href":"https:\/\/salutdobrogea.ro\/index.php\/wp-json\/wp\/v2\/posts"}],"about":[{"href":"https:\/\/salutdobrogea.ro\/index.php\/wp-json\/wp\/v2\/types\/post"}],"author":[{"embeddable":true,"href":"https:\/\/salutdobrogea.ro\/index.php\/wp-json\/wp\/v2\/users\/1"}],"replies":[{"embeddable":true,"href":"https:\/\/salutdobrogea.ro\/index.php\/wp-json\/wp\/v2\/comments?post=6716"}],"version-history":[{"count":17,"href":"https:\/\/salutdobrogea.ro\/index.php\/wp-json\/wp\/v2\/posts\/6716\/revisions"}],"predecessor-version":[{"id":6807,"href":"https:\/\/salutdobrogea.ro\/index.php\/wp-json\/wp\/v2\/posts\/6716\/revisions\/6807"}],"wp:featuredmedia":[{"embeddable":true,"href":"https:\/\/salutdobrogea.ro\/index.php\/wp-json\/wp\/v2\/media\/6717"}],"wp:attachment":[{"href":"https:\/\/salutdobrogea.ro\/index.php\/wp-json\/wp\/v2\/media?parent=6716"}],"wp:term":[{"taxonomy":"category","embeddable":true,"href":"https:\/\/salutdobrogea.ro\/index.php\/wp-json\/wp\/v2\/categories?post=6716"},{"taxonomy":"post_tag","embeddable":true,"href":"https:\/\/salutdobrogea.ro\/index.php\/wp-json\/wp\/v2\/tags?post=6716"}],"curies":[{"name":"wp","href":"https:\/\/api.w.org\/{rel}","templated":true}]}}