{"id":6419,"date":"2023-06-25T23:42:13","date_gmt":"2023-06-25T23:42:13","guid":{"rendered":"https:\/\/salutdobrogea.ro\/?p=6419"},"modified":"2023-06-25T23:42:13","modified_gmt":"2023-06-25T23:42:13","slug":"bibliotecile-hub-uri-de-suport-pentru-refugiati-si-comunitate","status":"publish","type":"post","link":"https:\/\/salutdobrogea.ro\/index.php\/2023\/06\/25\/bibliotecile-hub-uri-de-suport-pentru-refugiati-si-comunitate\/","title":{"rendered":"Bibliotecile, hub-uri de suport pentru refugia\u021bi \u0219i comunitate"},"content":{"rendered":"<p><strong>Proiectul \u2033Bibliotecile ca hub-uri de suport pentru refugia\u021bi \u0219i comunitate\u2036 implementat de Funda\u021bia \u2033Noi Orizonturi\u2036 \u0219i Asocia\u021bia \u2033Comunit\u0103\u021bile Viitorului\u2036, derulat la Medgidia cu sprijinul financiar al Comitetului Interna\u021bional de Salvare, a ajuns la final.<\/strong><\/p>\n<p><img fetchpriority=\"high\" decoding=\"async\" class=\"alignnone size-medium wp-image-6421\" src=\"https:\/\/salutdobrogea.ro\/wp-content\/uploads\/2023\/06\/biblioteci-1-300x225.jpg\" alt=\"\" width=\"300\" height=\"225\" srcset=\"https:\/\/salutdobrogea.ro\/wp-content\/uploads\/2023\/06\/biblioteci-1-300x225.jpg 300w, https:\/\/salutdobrogea.ro\/wp-content\/uploads\/2023\/06\/biblioteci-1-1024x768.jpg 1024w, https:\/\/salutdobrogea.ro\/wp-content\/uploads\/2023\/06\/biblioteci-1-768x576.jpg 768w, https:\/\/salutdobrogea.ro\/wp-content\/uploads\/2023\/06\/biblioteci-1-1536x1152.jpg 1536w, https:\/\/salutdobrogea.ro\/wp-content\/uploads\/2023\/06\/biblioteci-1-1000x753.jpg 1000w, https:\/\/salutdobrogea.ro\/wp-content\/uploads\/2023\/06\/biblioteci-1.jpg 2048w\" sizes=\"(max-width: 300px) 100vw, 300px\" \/><\/p>\n<p>Manifestarea cultural\u0103 a fost derulat\u0103 la Biblioteca municipal\u0103 Medgidia, \u00een perioada 1 noiembrie 2022 &#8211; 30 iunie 2023, dar \u0219i \u00een alte \u0219apte biblioteci din \u021bar\u0103.<\/p>\n<p>Evenimentul de \u00eencheiere a proiectului, \u00een cadrul c\u0103ruia li s-au \u00eenm\u00e2nat diplome participan\u021bilor, a avut loc joi, 22 iunie, \u00eencep\u00e2nd cu ora 17.00, \u00een sala de spectacole a Casei de Cultur\u0103 \u2033I. N. Roman\u2036 din Medgidia.<\/p>\n<p>Prin intermediul acestui proiect au fost organizate \u0219i s-au desf\u0103\u0219urat diverse activit\u0103\u021bi: Club de robotic\u0103 \u0219i coding, Club de ini\u021biativ\u0103 comunitar\u0103 pentru adolescen\u021bi IMPACT, Curs de limb\u0103 rom\u00e2n\u0103 pentru refugia\u021bi \u0219i al\u021bi cet\u0103\u021beni str\u0103ini precum \u0219i diferite ateliere pentru copii.<\/p>\n<p>Obiectivele acestui proiect au fost: dezvoltarea competen\u021belor digitale ale copiilor \u0219i a celor lingvistice pentru refugia\u021bi \u0219i al\u021bi cet\u0103\u021beni str\u0103ini, dezvoltarea abilit\u0103\u021bilor de voluntariat pentru adolescen\u021bi, amenajarea spa\u021biului bibliotecii, cu un buget de 1.500 de dolari \u0219i utilizarea bibliotecii ca hub de c\u0103tre refugia\u021bi \u0219i comunitate.<\/p>\n","protected":false},"excerpt":{"rendered":"<p>Proiectul \u2033Bibliotecile ca hub-uri de suport pentru refugia\u021bi \u0219i comunitate\u2036 implementat de Funda\u021bia \u2033Noi Orizonturi\u2036 \u0219i Asocia\u021bia \u2033Comunit\u0103\u021bile Viitorului\u2036, derulat la Medgidia cu sprijinul financiar<\/p>\n","protected":false},"author":1,"featured_media":6420,"comment_status":"open","ping_status":"open","sticky":false,"template":"","format":"standard","meta":{"footnotes":""},"categories":[520],"tags":[975,976,977,517,453],"class_list":["post-6419","post","type-post","status-publish","format-standard","has-post-thumbnail","hentry","category-salut-medgidia","tag-biblioteca","tag-comunitate","tag-hub","tag-medgidia","tag-refugiati"],"yoast_head":"<!-- This site is optimized with the Yoast SEO plugin v27.2 - https:\/\/yoast.com\/product\/yoast-seo-wordpress\/ -->\n<title>Bibliotecile, hub-uri de suport pentru refugia\u021bi \u0219i comunitate - SALUT DOBROGEA!<\/title>\n<meta name=\"description\" content=\"Proiectul a vizat dezvoltarea competen\u021belor digitale ale copiilor \u0219i a celor lingvistice pentru refugia\u021bi \u0219i \u0219i dezvoltarea abilit\u0103\u021bilor de voluntariat pentru adolescen\u021bi.\" \/>\n<meta name=\"robots\" content=\"index, follow, max-snippet:-1, max-image-preview:large, max-video-preview:-1\" \/>\n<link rel=\"canonical\" href=\"https:\/\/salutdobrogea.ro\/index.php\/2023\/06\/25\/bibliotecile-hub-uri-de-suport-pentru-refugiati-si-comunitate\/\" \/>\n<meta property=\"og:locale\" content=\"ro_RO\" \/>\n<meta property=\"og:type\" content=\"article\" \/>\n<meta property=\"og:title\" content=\"Bibliotecile, hub-uri de suport pentru refugia\u021bi \u0219i comunitate - SALUT DOBROGEA!\" \/>\n<meta property=\"og:description\" content=\"Proiectul a vizat dezvoltarea competen\u021belor digitale ale copiilor \u0219i a celor lingvistice pentru refugia\u021bi \u0219i \u0219i dezvoltarea abilit\u0103\u021bilor de voluntariat pentru adolescen\u021bi.\" \/>\n<meta property=\"og:url\" content=\"https:\/\/salutdobrogea.ro\/index.php\/2023\/06\/25\/bibliotecile-hub-uri-de-suport-pentru-refugiati-si-comunitate\/\" \/>\n<meta property=\"og:site_name\" content=\"SALUT DOBROGEA!\" \/>\n<meta property=\"article:publisher\" content=\"https:\/\/www.facebook.com\/Salut-Dobrogea-ziar-regional-109038338217571\" \/>\n<meta property=\"article:published_time\" content=\"2023-06-25T23:42:13+00:00\" \/>\n<meta property=\"og:image\" content=\"https:\/\/salutdobrogea.ro\/wp-content\/uploads\/2023\/06\/biblioteci-2.jpg\" \/>\n\t<meta property=\"og:image:width\" content=\"2048\" \/>\n\t<meta property=\"og:image:height\" content=\"1536\" \/>\n\t<meta property=\"og:image:type\" content=\"image\/jpeg\" \/>\n<meta name=\"author\" content=\"admin\" \/>\n<meta name=\"twitter:card\" content=\"summary_large_image\" \/>\n<meta name=\"twitter:label1\" content=\"Scris de\" \/>\n\t<meta name=\"twitter:data1\" content=\"admin\" \/>\n\t<meta name=\"twitter:label2\" content=\"Timp estimat pentru citire\" \/>\n\t<meta name=\"twitter:data2\" content=\"2 minute\" \/>\n<script type=\"application\/ld+json\" class=\"yoast-schema-graph\">{\"@context\":\"https:\/\/schema.org\",\"@graph\":[{\"@type\":\"Article\",\"@id\":\"https:\/\/salutdobrogea.ro\/index.php\/2023\/06\/25\/bibliotecile-hub-uri-de-suport-pentru-refugiati-si-comunitate\/#article\",\"isPartOf\":{\"@id\":\"https:\/\/salutdobrogea.ro\/index.php\/2023\/06\/25\/bibliotecile-hub-uri-de-suport-pentru-refugiati-si-comunitate\/\"},\"author\":{\"name\":\"admin\",\"@id\":\"https:\/\/salutdobrogea.ro\/#\/schema\/person\/bbcddc03d690946f9e40b57dd55a08fa\"},\"headline\":\"Bibliotecile, hub-uri de suport pentru refugia\u021bi \u0219i comunitate\",\"datePublished\":\"2023-06-25T23:42:13+00:00\",\"mainEntityOfPage\":{\"@id\":\"https:\/\/salutdobrogea.ro\/index.php\/2023\/06\/25\/bibliotecile-hub-uri-de-suport-pentru-refugiati-si-comunitate\/\"},\"wordCount\":212,\"commentCount\":0,\"publisher\":{\"@id\":\"https:\/\/salutdobrogea.ro\/#organization\"},\"image\":{\"@id\":\"https:\/\/salutdobrogea.ro\/index.php\/2023\/06\/25\/bibliotecile-hub-uri-de-suport-pentru-refugiati-si-comunitate\/#primaryimage\"},\"thumbnailUrl\":\"https:\/\/salutdobrogea.ro\/wp-content\/uploads\/2023\/06\/biblioteci-2.jpg\",\"keywords\":[\"bibliotec\u0103\",\"comunitate\",\"hub\",\"Medgidia\",\"refugia\u021bi\"],\"articleSection\":[\"Salut, Medgidia!\"],\"inLanguage\":\"ro-RO\",\"potentialAction\":[{\"@type\":\"CommentAction\",\"name\":\"Comment\",\"target\":[\"https:\/\/salutdobrogea.ro\/index.php\/2023\/06\/25\/bibliotecile-hub-uri-de-suport-pentru-refugiati-si-comunitate\/#respond\"]}]},{\"@type\":\"WebPage\",\"@id\":\"https:\/\/salutdobrogea.ro\/index.php\/2023\/06\/25\/bibliotecile-hub-uri-de-suport-pentru-refugiati-si-comunitate\/\",\"url\":\"https:\/\/salutdobrogea.ro\/index.php\/2023\/06\/25\/bibliotecile-hub-uri-de-suport-pentru-refugiati-si-comunitate\/\",\"name\":\"Bibliotecile, hub-uri de suport pentru refugia\u021bi \u0219i comunitate - SALUT DOBROGEA!\",\"isPartOf\":{\"@id\":\"https:\/\/salutdobrogea.ro\/#website\"},\"primaryImageOfPage\":{\"@id\":\"https:\/\/salutdobrogea.ro\/index.php\/2023\/06\/25\/bibliotecile-hub-uri-de-suport-pentru-refugiati-si-comunitate\/#primaryimage\"},\"image\":{\"@id\":\"https:\/\/salutdobrogea.ro\/index.php\/2023\/06\/25\/bibliotecile-hub-uri-de-suport-pentru-refugiati-si-comunitate\/#primaryimage\"},\"thumbnailUrl\":\"https:\/\/salutdobrogea.ro\/wp-content\/uploads\/2023\/06\/biblioteci-2.jpg\",\"datePublished\":\"2023-06-25T23:42:13+00:00\",\"description\":\"Proiectul a vizat dezvoltarea competen\u021belor digitale ale copiilor \u0219i a celor lingvistice pentru refugia\u021bi \u0219i \u0219i dezvoltarea abilit\u0103\u021bilor de voluntariat pentru adolescen\u021bi.\",\"breadcrumb\":{\"@id\":\"https:\/\/salutdobrogea.ro\/index.php\/2023\/06\/25\/bibliotecile-hub-uri-de-suport-pentru-refugiati-si-comunitate\/#breadcrumb\"},\"inLanguage\":\"ro-RO\",\"potentialAction\":[{\"@type\":\"ReadAction\",\"target\":[\"https:\/\/salutdobrogea.ro\/index.php\/2023\/06\/25\/bibliotecile-hub-uri-de-suport-pentru-refugiati-si-comunitate\/\"]}]},{\"@type\":\"ImageObject\",\"inLanguage\":\"ro-RO\",\"@id\":\"https:\/\/salutdobrogea.ro\/index.php\/2023\/06\/25\/bibliotecile-hub-uri-de-suport-pentru-refugiati-si-comunitate\/#primaryimage\",\"url\":\"https:\/\/salutdobrogea.ro\/wp-content\/uploads\/2023\/06\/biblioteci-2.jpg\",\"contentUrl\":\"https:\/\/salutdobrogea.ro\/wp-content\/uploads\/2023\/06\/biblioteci-2.jpg\",\"width\":2048,\"height\":1536},{\"@type\":\"BreadcrumbList\",\"@id\":\"https:\/\/salutdobrogea.ro\/index.php\/2023\/06\/25\/bibliotecile-hub-uri-de-suport-pentru-refugiati-si-comunitate\/#breadcrumb\",\"itemListElement\":[{\"@type\":\"ListItem\",\"position\":1,\"name\":\"Prima pagin\u0103\",\"item\":\"https:\/\/salutdobrogea.ro\/\"},{\"@type\":\"ListItem\",\"position\":2,\"name\":\"Bibliotecile, hub-uri de suport pentru refugia\u021bi \u0219i comunitate\"}]},{\"@type\":\"WebSite\",\"@id\":\"https:\/\/salutdobrogea.ro\/#website\",\"url\":\"https:\/\/salutdobrogea.ro\/\",\"name\":\"SALUT DOBROGEA!\",\"description\":\"ziar de informare \u0219i atitudine\",\"publisher\":{\"@id\":\"https:\/\/salutdobrogea.ro\/#organization\"},\"potentialAction\":[{\"@type\":\"SearchAction\",\"target\":{\"@type\":\"EntryPoint\",\"urlTemplate\":\"https:\/\/salutdobrogea.ro\/?s={search_term_string}\"},\"query-input\":{\"@type\":\"PropertyValueSpecification\",\"valueRequired\":true,\"valueName\":\"search_term_string\"}}],\"inLanguage\":\"ro-RO\"},{\"@type\":\"Organization\",\"@id\":\"https:\/\/salutdobrogea.ro\/#organization\",\"name\":\"SALUT DOBROGEA!\",\"url\":\"https:\/\/salutdobrogea.ro\/\",\"logo\":{\"@type\":\"ImageObject\",\"inLanguage\":\"ro-RO\",\"@id\":\"https:\/\/salutdobrogea.ro\/#\/schema\/logo\/image\/\",\"url\":\"https:\/\/salutdobrogea.ro\/wp-content\/uploads\/2021\/09\/Logo-SD_Left-Dark.png\",\"contentUrl\":\"https:\/\/salutdobrogea.ro\/wp-content\/uploads\/2021\/09\/Logo-SD_Left-Dark.png\",\"width\":3978,\"height\":840,\"caption\":\"SALUT DOBROGEA!\"},\"image\":{\"@id\":\"https:\/\/salutdobrogea.ro\/#\/schema\/logo\/image\/\"},\"sameAs\":[\"https:\/\/www.facebook.com\/Salut-Dobrogea-ziar-regional-109038338217571\"]},{\"@type\":\"Person\",\"@id\":\"https:\/\/salutdobrogea.ro\/#\/schema\/person\/bbcddc03d690946f9e40b57dd55a08fa\",\"name\":\"admin\",\"image\":{\"@type\":\"ImageObject\",\"inLanguage\":\"ro-RO\",\"@id\":\"https:\/\/secure.gravatar.com\/avatar\/46f1f00f48c1d950f263e68956bca86a82b2ae8bece37a0ffe8ce76176036613?s=96&d=mm&r=g\",\"url\":\"https:\/\/secure.gravatar.com\/avatar\/46f1f00f48c1d950f263e68956bca86a82b2ae8bece37a0ffe8ce76176036613?s=96&d=mm&r=g\",\"contentUrl\":\"https:\/\/secure.gravatar.com\/avatar\/46f1f00f48c1d950f263e68956bca86a82b2ae8bece37a0ffe8ce76176036613?s=96&d=mm&r=g\",\"caption\":\"admin\"},\"sameAs\":[\"https:\/\/salutdobrogea.ro\"],\"url\":\"https:\/\/salutdobrogea.ro\/index.php\/author\/admin\/\"}]}<\/script>\n<!-- \/ Yoast SEO plugin. -->","yoast_head_json":{"title":"Bibliotecile, hub-uri de suport pentru refugia\u021bi \u0219i comunitate - SALUT DOBROGEA!","description":"Proiectul a vizat dezvoltarea competen\u021belor digitale ale copiilor \u0219i a celor lingvistice pentru refugia\u021bi \u0219i \u0219i dezvoltarea abilit\u0103\u021bilor de voluntariat pentru adolescen\u021bi.","robots":{"index":"index","follow":"follow","max-snippet":"max-snippet:-1","max-image-preview":"max-image-preview:large","max-video-preview":"max-video-preview:-1"},"canonical":"https:\/\/salutdobrogea.ro\/index.php\/2023\/06\/25\/bibliotecile-hub-uri-de-suport-pentru-refugiati-si-comunitate\/","og_locale":"ro_RO","og_type":"article","og_title":"Bibliotecile, hub-uri de suport pentru refugia\u021bi \u0219i comunitate - SALUT DOBROGEA!","og_description":"Proiectul a vizat dezvoltarea competen\u021belor digitale ale copiilor \u0219i a celor lingvistice pentru refugia\u021bi \u0219i \u0219i dezvoltarea abilit\u0103\u021bilor de voluntariat pentru adolescen\u021bi.","og_url":"https:\/\/salutdobrogea.ro\/index.php\/2023\/06\/25\/bibliotecile-hub-uri-de-suport-pentru-refugiati-si-comunitate\/","og_site_name":"SALUT DOBROGEA!","article_publisher":"https:\/\/www.facebook.com\/Salut-Dobrogea-ziar-regional-109038338217571","article_published_time":"2023-06-25T23:42:13+00:00","og_image":[{"width":2048,"height":1536,"url":"https:\/\/salutdobrogea.ro\/wp-content\/uploads\/2023\/06\/biblioteci-2.jpg","type":"image\/jpeg"}],"author":"admin","twitter_card":"summary_large_image","twitter_misc":{"Scris de":"admin","Timp estimat pentru citire":"2 minute"},"schema":{"@context":"https:\/\/schema.org","@graph":[{"@type":"Article","@id":"https:\/\/salutdobrogea.ro\/index.php\/2023\/06\/25\/bibliotecile-hub-uri-de-suport-pentru-refugiati-si-comunitate\/#article","isPartOf":{"@id":"https:\/\/salutdobrogea.ro\/index.php\/2023\/06\/25\/bibliotecile-hub-uri-de-suport-pentru-refugiati-si-comunitate\/"},"author":{"name":"admin","@id":"https:\/\/salutdobrogea.ro\/#\/schema\/person\/bbcddc03d690946f9e40b57dd55a08fa"},"headline":"Bibliotecile, hub-uri de suport pentru refugia\u021bi \u0219i comunitate","datePublished":"2023-06-25T23:42:13+00:00","mainEntityOfPage":{"@id":"https:\/\/salutdobrogea.ro\/index.php\/2023\/06\/25\/bibliotecile-hub-uri-de-suport-pentru-refugiati-si-comunitate\/"},"wordCount":212,"commentCount":0,"publisher":{"@id":"https:\/\/salutdobrogea.ro\/#organization"},"image":{"@id":"https:\/\/salutdobrogea.ro\/index.php\/2023\/06\/25\/bibliotecile-hub-uri-de-suport-pentru-refugiati-si-comunitate\/#primaryimage"},"thumbnailUrl":"https:\/\/salutdobrogea.ro\/wp-content\/uploads\/2023\/06\/biblioteci-2.jpg","keywords":["bibliotec\u0103","comunitate","hub","Medgidia","refugia\u021bi"],"articleSection":["Salut, Medgidia!"],"inLanguage":"ro-RO","potentialAction":[{"@type":"CommentAction","name":"Comment","target":["https:\/\/salutdobrogea.ro\/index.php\/2023\/06\/25\/bibliotecile-hub-uri-de-suport-pentru-refugiati-si-comunitate\/#respond"]}]},{"@type":"WebPage","@id":"https:\/\/salutdobrogea.ro\/index.php\/2023\/06\/25\/bibliotecile-hub-uri-de-suport-pentru-refugiati-si-comunitate\/","url":"https:\/\/salutdobrogea.ro\/index.php\/2023\/06\/25\/bibliotecile-hub-uri-de-suport-pentru-refugiati-si-comunitate\/","name":"Bibliotecile, hub-uri de suport pentru refugia\u021bi \u0219i comunitate - SALUT DOBROGEA!","isPartOf":{"@id":"https:\/\/salutdobrogea.ro\/#website"},"primaryImageOfPage":{"@id":"https:\/\/salutdobrogea.ro\/index.php\/2023\/06\/25\/bibliotecile-hub-uri-de-suport-pentru-refugiati-si-comunitate\/#primaryimage"},"image":{"@id":"https:\/\/salutdobrogea.ro\/index.php\/2023\/06\/25\/bibliotecile-hub-uri-de-suport-pentru-refugiati-si-comunitate\/#primaryimage"},"thumbnailUrl":"https:\/\/salutdobrogea.ro\/wp-content\/uploads\/2023\/06\/biblioteci-2.jpg","datePublished":"2023-06-25T23:42:13+00:00","description":"Proiectul a vizat dezvoltarea competen\u021belor digitale ale copiilor \u0219i a celor lingvistice pentru refugia\u021bi \u0219i \u0219i dezvoltarea abilit\u0103\u021bilor de voluntariat pentru adolescen\u021bi.","breadcrumb":{"@id":"https:\/\/salutdobrogea.ro\/index.php\/2023\/06\/25\/bibliotecile-hub-uri-de-suport-pentru-refugiati-si-comunitate\/#breadcrumb"},"inLanguage":"ro-RO","potentialAction":[{"@type":"ReadAction","target":["https:\/\/salutdobrogea.ro\/index.php\/2023\/06\/25\/bibliotecile-hub-uri-de-suport-pentru-refugiati-si-comunitate\/"]}]},{"@type":"ImageObject","inLanguage":"ro-RO","@id":"https:\/\/salutdobrogea.ro\/index.php\/2023\/06\/25\/bibliotecile-hub-uri-de-suport-pentru-refugiati-si-comunitate\/#primaryimage","url":"https:\/\/salutdobrogea.ro\/wp-content\/uploads\/2023\/06\/biblioteci-2.jpg","contentUrl":"https:\/\/salutdobrogea.ro\/wp-content\/uploads\/2023\/06\/biblioteci-2.jpg","width":2048,"height":1536},{"@type":"BreadcrumbList","@id":"https:\/\/salutdobrogea.ro\/index.php\/2023\/06\/25\/bibliotecile-hub-uri-de-suport-pentru-refugiati-si-comunitate\/#breadcrumb","itemListElement":[{"@type":"ListItem","position":1,"name":"Prima pagin\u0103","item":"https:\/\/salutdobrogea.ro\/"},{"@type":"ListItem","position":2,"name":"Bibliotecile, hub-uri de suport pentru refugia\u021bi \u0219i comunitate"}]},{"@type":"WebSite","@id":"https:\/\/salutdobrogea.ro\/#website","url":"https:\/\/salutdobrogea.ro\/","name":"SALUT DOBROGEA!","description":"ziar de informare \u0219i atitudine","publisher":{"@id":"https:\/\/salutdobrogea.ro\/#organization"},"potentialAction":[{"@type":"SearchAction","target":{"@type":"EntryPoint","urlTemplate":"https:\/\/salutdobrogea.ro\/?s={search_term_string}"},"query-input":{"@type":"PropertyValueSpecification","valueRequired":true,"valueName":"search_term_string"}}],"inLanguage":"ro-RO"},{"@type":"Organization","@id":"https:\/\/salutdobrogea.ro\/#organization","name":"SALUT DOBROGEA!","url":"https:\/\/salutdobrogea.ro\/","logo":{"@type":"ImageObject","inLanguage":"ro-RO","@id":"https:\/\/salutdobrogea.ro\/#\/schema\/logo\/image\/","url":"https:\/\/salutdobrogea.ro\/wp-content\/uploads\/2021\/09\/Logo-SD_Left-Dark.png","contentUrl":"https:\/\/salutdobrogea.ro\/wp-content\/uploads\/2021\/09\/Logo-SD_Left-Dark.png","width":3978,"height":840,"caption":"SALUT DOBROGEA!"},"image":{"@id":"https:\/\/salutdobrogea.ro\/#\/schema\/logo\/image\/"},"sameAs":["https:\/\/www.facebook.com\/Salut-Dobrogea-ziar-regional-109038338217571"]},{"@type":"Person","@id":"https:\/\/salutdobrogea.ro\/#\/schema\/person\/bbcddc03d690946f9e40b57dd55a08fa","name":"admin","image":{"@type":"ImageObject","inLanguage":"ro-RO","@id":"https:\/\/secure.gravatar.com\/avatar\/46f1f00f48c1d950f263e68956bca86a82b2ae8bece37a0ffe8ce76176036613?s=96&d=mm&r=g","url":"https:\/\/secure.gravatar.com\/avatar\/46f1f00f48c1d950f263e68956bca86a82b2ae8bece37a0ffe8ce76176036613?s=96&d=mm&r=g","contentUrl":"https:\/\/secure.gravatar.com\/avatar\/46f1f00f48c1d950f263e68956bca86a82b2ae8bece37a0ffe8ce76176036613?s=96&d=mm&r=g","caption":"admin"},"sameAs":["https:\/\/salutdobrogea.ro"],"url":"https:\/\/salutdobrogea.ro\/index.php\/author\/admin\/"}]}},"_links":{"self":[{"href":"https:\/\/salutdobrogea.ro\/index.php\/wp-json\/wp\/v2\/posts\/6419","targetHints":{"allow":["GET"]}}],"collection":[{"href":"https:\/\/salutdobrogea.ro\/index.php\/wp-json\/wp\/v2\/posts"}],"about":[{"href":"https:\/\/salutdobrogea.ro\/index.php\/wp-json\/wp\/v2\/types\/post"}],"author":[{"embeddable":true,"href":"https:\/\/salutdobrogea.ro\/index.php\/wp-json\/wp\/v2\/users\/1"}],"replies":[{"embeddable":true,"href":"https:\/\/salutdobrogea.ro\/index.php\/wp-json\/wp\/v2\/comments?post=6419"}],"version-history":[{"count":1,"href":"https:\/\/salutdobrogea.ro\/index.php\/wp-json\/wp\/v2\/posts\/6419\/revisions"}],"predecessor-version":[{"id":6422,"href":"https:\/\/salutdobrogea.ro\/index.php\/wp-json\/wp\/v2\/posts\/6419\/revisions\/6422"}],"wp:featuredmedia":[{"embeddable":true,"href":"https:\/\/salutdobrogea.ro\/index.php\/wp-json\/wp\/v2\/media\/6420"}],"wp:attachment":[{"href":"https:\/\/salutdobrogea.ro\/index.php\/wp-json\/wp\/v2\/media?parent=6419"}],"wp:term":[{"taxonomy":"category","embeddable":true,"href":"https:\/\/salutdobrogea.ro\/index.php\/wp-json\/wp\/v2\/categories?post=6419"},{"taxonomy":"post_tag","embeddable":true,"href":"https:\/\/salutdobrogea.ro\/index.php\/wp-json\/wp\/v2\/tags?post=6419"}],"curies":[{"name":"wp","href":"https:\/\/api.w.org\/{rel}","templated":true}]}}