{"id":4212,"date":"2022-10-07T13:25:56","date_gmt":"2022-10-07T13:25:56","guid":{"rendered":"https:\/\/salutdobrogea.ro\/?p=4212"},"modified":"2022-10-07T13:25:56","modified_gmt":"2022-10-07T13:25:56","slug":"un-nou-scandal-la-alcor-angajatii-izgoniti-si-tepuiti-s-au-baricadat-in-hotel","status":"publish","type":"post","link":"https:\/\/salutdobrogea.ro\/index.php\/2022\/10\/07\/un-nou-scandal-la-alcor-angajatii-izgoniti-si-tepuiti-s-au-baricadat-in-hotel\/","title":{"rendered":"Un nou scandal la Alcor: Angaja\u021bii izgoni\u021bi \u0219i \u021bepui\u021bi s-au baricadat \u00een hotel"},"content":{"rendered":"<p>Dup\u0103 ce \u00een var\u0103 au izgonit turi\u0219tii de pe plaja aflat\u0103 \u00een dreptul propritet\u0103\u021bii lor, patronii de la Hotelul Alcor din sta\u021biunea Mamaia au recidivat: \u0219i-au gonit \u0219i angaja\u021bii. Oamenii au fost da\u021bi afar\u0103 f\u0103r\u0103 preaviz \u0219i f\u0103r\u0103 ca m\u0103car s\u0103 fie anun\u021ba\u021bi \u00een prealabil. C\u00e2t despre salarii, la \u00eencheierea socotelilor au primit din partea patronatului o mare \u021beap\u0103.<\/p>\n<p><img fetchpriority=\"high\" decoding=\"async\" class=\"alignnone size-medium wp-image-4214\" src=\"https:\/\/salutdobrogea.ro\/wp-content\/uploads\/2022\/10\/Plaja-Hotel-Alcor-2-300x225.jpg\" alt=\"\" width=\"300\" height=\"225\" srcset=\"https:\/\/salutdobrogea.ro\/wp-content\/uploads\/2022\/10\/Plaja-Hotel-Alcor-2-300x225.jpg 300w, https:\/\/salutdobrogea.ro\/wp-content\/uploads\/2022\/10\/Plaja-Hotel-Alcor-2-768x576.jpg 768w, https:\/\/salutdobrogea.ro\/wp-content\/uploads\/2022\/10\/Plaja-Hotel-Alcor-2-600x450.jpg 600w, https:\/\/salutdobrogea.ro\/wp-content\/uploads\/2022\/10\/Plaja-Hotel-Alcor-2.jpg 828w\" sizes=\"(max-width: 300px) 100vw, 300px\" \/><\/p>\n<p>Dup\u0103 ce \u0219i-au v\u0103zut sacii \u00een car \u0219i i-au muncit toat\u0103 vara ca pe sclavii de pe planta\u021bie, la \u00eenceputul lunii septembrie, \u00een primele zile de toamn\u0103, \u0219efii unit\u0103\u021bii hoteliere au \u00eenceput s\u0103 se descotoroseasc\u0103 de angaja\u021bi. Oamenii au fost da\u021bi afar\u0103 unul c\u00e2te unul, intempestiv. F\u0103r\u0103 preaviz \u0219i f\u0103r\u0103 nici o discu\u021bie prealabil\u0103. Pur \u0219i simplu au fost anun\u021ba\u021bi c\u0103 din acel moment nu mai este nevoie de ei \u0219i trebuie s\u0103 plece acas\u0103. Av\u00e2nd \u00een vedere faptul c\u0103 rela\u021biile contractuale au fost \u00eencheiate brusc, angaja\u021bii \u0219i-au cerut lichidarea. Mul\u021bi dintre ei erau veni\u021bi la munc\u0103 sezonier\u0103 din diferite col\u021buri ale \u021b\u0103rii \u0219i nici bani pentru drum nu aveau, ca s\u0103 poat\u0103 ajunge acas\u0103.<\/p>\n<p><strong>Autosechestrat ca s\u0103 nu ajung\u0103 \u00een strad\u0103<\/strong><\/p>\n<p>Este \u0219i cazul lui Marian \u0218olea zis Chelu, din Bra\u0219ov, care a muncit toat\u0103 vara la Alcor ca osp\u0103tar. \u2033Pe 13 septembrie, c\u00e2nd eram de tur\u0103, au venit \u0219i ne-au anun\u021bat pe la 17.30, pe mine \u0219i pe \u00eenc\u0103 o coleg\u0103, s\u0103 ne facem bagajele \u0219i s\u0103 plec\u0103m, c\u0103 \u00een jum\u0103tate de or\u0103 se \u00eenchide hotelul. Patronii de la Alcor de\u021bin \u0219i Hotelul Dorna, iar noi, angaja\u021bii, pe perioada sezonului, am fost caza\u021bi la Dorna. Le-am spus atunci s\u0103-mi fac\u0103 lichidarea \u0219i plec. Au refuzat. Pentru c\u0103 era destul de t\u00e2rziu \u0219i nici nu aveam bani de drum sau de cazare \u00een alt\u0103 parte, m-am baricadat \u00een camer\u0103. Am stat dou\u0103 zile acolo p\u00e2n\u0103 ce mi-au dat o parte din bani ca s\u0103 pot pleca. G\u00e2ndi\u021bi-v\u0103 c\u0103 dou\u0103 zile nu am putut s\u0103 ies din camer\u0103. Am stat sechestrat acolo pentru c\u0103 dac\u0103 ie\u0219eam, \u00eencuiau \u00een urma mea \u0219i r\u0103m\u00e2neam pe str\u0103zi. Am apelat la ni\u0219te prieteni s\u0103-mi aduc\u0103 ap\u0103 \u0219i m\u00e2ncare\u2036, ne-a declarat osp\u0103tarul, care \u00een urm\u0103 cu c\u00e2teva zile mai avea de recuperat o bun\u0103 parte din bani.<\/p>\n<p><strong>\u2033\u00cen loc de 5.000 am primit jum\u0103tate\u2036<\/strong><\/p>\n<p>Acuza\u021bii grave vin \u0219i din partea buc\u0103tarului. Omul afirm\u0103 c\u0103 a primit zilele acestea doar jum\u0103tate din salariul la care se \u00een\u021belesese cu patronii. \u2033Sunt buc\u0103tarul de la Alcor \u0219i Dorna. Nu sunt un buc\u0103tar oarecare, sunt specialist \u00een buc\u0103tarie rom\u00e2neasc\u0103 \u0219i interna\u021bional\u0103 cu experien\u021b\u0103 de 26 de ani, nu e nimic ce nu \u0219tiu s\u0103 fac. Eu \u0219i so\u021bia am \u021binut tot hotelul. \u0218i ea este tot buc\u0103tar. Lucram \u00een fiecare zi de la 5.00 la 12.00 noaptea. Am avut ofert\u0103 s\u0103 plec \u00een Fran\u021ba pe 2.800 de euro, dar s-au rugat de mine s\u0103 r\u0103m\u00e2n. Doamna Paula (n.r. nora investitorului Alcor) s-a oferit s\u0103-mi pl\u0103teasc\u0103 un salariu bun numai ca s\u0103 r\u0103m\u00e2n \u0219i acum ei m\u0103 cheam\u0103 s\u0103 vin de la Ploie\u0219ti s\u0103-mi dea o mare \u021beap\u0103. Trebuia s\u0103 primesc 5.000 de lei \u0219i am primit doar jum\u0103tate. V\u0103 da\u021bi seama c\u0103 suntem \u0219i noi oameni, avem de pl\u0103tit facturi la gaze, electricitate. Ne bazam pe ace\u0219ti bani. \u0218i acum ce facem? \u0218i-au b\u0103tut joc de noi, au ni\u0219te caractere josnice, dar Dumnezeu nu-i rabd\u0103!\u2036, ne-a declarat buc\u0103tarul Pardalian R\u0103ducu.<\/p>\n<p><strong>Ciorba refiart\u0103 face&#8230; economie<\/strong><\/p>\n<p>\u2033Pe 10 septembrie, dup\u0103 ce a plecat grupul de 240 de persoane din hotel, dup\u0103 micul dejun, a venit \u0219i ne-a zis c\u0103 nu mai este nevoie de noi. A\u0219a brusc. Am trecut prin multe acolo. M\u0103 puneau s\u0103 fierb m\u00e2ncarea din nou ca s\u0103 o servim clien\u021bilor, s\u0103 facem economie, s\u0103 nu mai facem alta, dar am refuzat\u2036, a mai spus buc\u0103tarul.<\/p>\n<p>\u0218i al\u021bi fo\u0219ti angaja\u021bi reclam\u0103 comportamentul abuziv al patronilor Alcor. \u2033A\u0219a procedeaz\u0103 \u00een fiecare toamn\u0103, dau oamenii afar\u0103 f\u0103r\u0103 preaviz. Sunt josnici, nu merit\u0103 s\u0103 aib\u0103 hotel pe litoralul rom\u00e2nesc. T\u0103ierile de salarii pe neanun\u021bate \u0219i \u00eent\u00e2rzierile cu banii sunt specialitatea lor. A trebuit s\u0103 reclam\u0103m la ITM ca s\u0103 ne lu\u0103m banii. Eu mai aveam de recuperat un salariu \u00eentreg. \u0218i-au luat microbuze \u0219i ma\u0219ini la ei, la Giurgiu, \u0219i nou\u0103 nu ne d\u0103deau salariile. Ei sunt st\u0103p\u00e2ni de scalvi. Am auzit de la colegi c\u0103 anul acesta comportamentul lor s-a agravat. Au o contabil\u0103 la Giurgiu ceva de speriat, care se ocup\u0103 de toate ingineriile financiare. E Satana pe p\u0103m\u00e2nt. Face tot ce \u00eei zic patronii. V\u0103 da\u021bi seama c\u0103 bag\u0103 contabilele la \u00eenaintare. Cred c\u0103 fac sp\u0103lare de bani. Noi tr\u0103iam cu teroare c\u00e2nd venea vorb\u0103 s\u0103 \u00eentreb\u0103m de salarii. Au r\u0103mas pl\u00e2ng\u00e2nd, cu buza umflat\u0103, \u0219i colegii tineri. Mul\u021bi nici nu aveau 18 ani \u0219i lucrau dublu dec\u00e2t prevede legea. Ce ore suplimentare! Nici nu \u0219tiu dac\u0103 \u0219i-au luat m\u0103car salariul\u2036, ne-a declarat Flori, o fost\u0103 angajat\u0103 de la patiserie.<\/p>\n<p><strong>Minorii aduc profit. Munc\u0103 mult\u0103 \u0219i bani pu\u021bini<\/strong><\/p>\n<p>Oamenii sus\u021bin c\u0103 de acela\u0219i tratament au avut parte \u0219i angaja\u021bii veni\u021bi din alte \u021b\u0103ri precum Nepal sau India. \u021aeapa nu \u021bine cont de na\u021bionalitate. O fost\u0103 contabil\u0103 confirm\u0103 c\u0103 angajarea minorilor este una dintre cele mai profitabile strategii pentru conservarea veniturilor firmei. \u2033Copiii munceau \u0219i c\u00e2te 12-14-16 ore, fa\u021b\u0103 de cele \u0219ase c\u00e2te sunt prev\u0103zute legal. Veneau inspectori \u00een controale \u0219i la 12 noaptea \u0219i \u00eei g\u0103seau acolo. Nu \u0219tiu cum motivau prezen\u021ba lor la acea or\u0103 t\u00e2rzie\u2036, a precizat fosta contabil\u0103. A\u0219adar, patronii de la Alcor \u0219i Dorna sunt cuno\u0219tin\u021be mai vechi ale oamenilor pu\u0219i s\u0103 verifice respectarea legii. \u00cens\u0103 de ce nu a luat nimeni nici o m\u0103sur\u0103 r\u0103m\u00e2ne un mister.<\/p>\n<p><strong>Angajat\u0103: \u2033Eram ca sclavii\u2036<\/strong><\/p>\n<p>\u2033Eu am f\u0103cut discopatie lombar\u0103 din cauz\u0103 c\u0103 am c\u0103rat greut\u0103\u021bi care nu aveau leg\u0103tur\u0103 cu meseria mea. Pe furtun\u0103 \u0219i pe ploaie m\u0103 trimiteau pe plaj\u0103 s\u0103 sap gropi ca s\u0103 \u00eengrop umbrelele pline cu ciment. Acum nu vor s\u0103 ne dea salariile. Vor s\u0103 ne opreasc\u0103 banii pentru c\u0103 nu a ie\u0219it stocul bine. Nimeni nu a semnat nimic ce \u021bine de marf\u0103. Nu a avut nimeni gestiune \u00een primire\u2036, ne-a declarat o alt\u0103 angajat\u0103 care s-a lovit de comportamentul abuziv al \u0219efilor de la Alcor.<\/p>\n<p>\u2033Nu \u0219i-au apreciat niciodat\u0103 angaja\u021bii. Din c\u00e2te \u0219tiu sunt num\u0103rul unu la reclama\u021bii f\u0103cute la ITM. At\u00e2t vocabularul, c\u00e2t \u0219i comportamentul lor las\u0103 de dorit. Se purtau cu noi ca \u0219i cu sclavii, mai aveau pu\u021bin \u0219i ne biciuiau. Sau ca la Auschwitz\u2036, a ad\u0103ugat femeia.<\/p>\n<p><strong>Sufletul r\u0103m\u00e2ne t\u00e2n\u0103r<\/strong><\/p>\n<p>Angaja\u021bii sus\u021bin \u0219i c\u0103 Gheorghe Cus\u0103, \u00een v\u00e2rst\u0103 de 72 de ani, investitorul &#8211; cel care a cump\u0103rat ini\u021bial Hotelul Alcor, ar avea un comportament nepotrivit fa\u021b\u0103 de angajatele tinere, c\u0103rora le solicit\u0103 diferite favoruri pentru a le g\u0103si o func\u021bie mai \u00eenalt\u0103 care s\u0103 le scuteasc\u0103 de munca de jos.<\/p>\n<p>Fiul s\u0103u, George Cus\u0103, este na\u0219ul de cununie al lui Gabi B\u0103d\u0103lau, fiul fostului ministru al Economiei, c\u0103s\u0103torit \u0219i \u00eentre timp divor\u021bat de const\u0103n\u021beanca Claudia P\u0103tr\u0103\u0219canu. \u00cen prezent, SC Complex Alcor SA \u00eel are ca administrator pe Cornel Cus\u0103, cel\u0103lalt fiu al lui Gheorghe Cus\u0103, prins anul trecut la volan sub influen\u021ba drogurilor. De precizat c\u0103 SC Complex Alcor SA are ca unic asociat societatea Inter Prodcus SRL, \u00een care p\u0103r\u021bile sociale sunt de\u021binute 100% de Cornel Cus\u0103.<\/p>\n<p>Septuagenarul Gheorghe Cus\u0103 este supranumit Regele Asfaltului sau Regele \u0218oselelor &#8211; cum \u00eel poreclesc angaja\u021bii &#8211; pentru contractele pe band\u0103 rulant\u0103 ob\u021binute de la Compania Na\u021bional\u0103 de Administrare a Infrastructurii Rutiere, prin firma Gecor SRL C\u0103lug\u0103reani. \u00cen 2017, a c\u00e2\u015ftigat, prin firma Anastamar Construct, un contract de 24,51 milioane lei pentru desz\u0103pezirea a trei loturi din subordinea Direc\u0163iei Regionale de Drumuri \u015fi Poduri Bucure\u015fti \u015fi a altor trei loturi din autostr\u0103zile A1, A2 si A3.<\/p>\n<p><strong>Gheorghe Cus\u0103: \u2033B\u00e2rfe \u0219i r\u0103ut\u0103\u021bi\u2036<\/strong><\/p>\n<p>Contactat telefonic, Gheorghe Cus\u0103 a respins toate acuza\u021biile angaja\u021bilor \u0219i le-a catalogat drept \u2033b\u00e2rfe\u2036 \u0219i \u2033r\u0103ut\u0103\u021bi\u2036. El sus\u021bine c\u0103 oamenii \u0219i-ar fi primit drepturile salariale prev\u0103zute \u00een contractul de munc\u0103, c\u00e2t despre \u00een\u021belegerile extra-salariale, pentru c\u0103 ar fi promis salarii mai mari la negru, potrivit angaja\u021bilor, investitorul a ridicat din umeri. \u2033V\u0103 da\u021bi seama c\u0103 noi avem o mul\u021bime de angaja\u021bi, nu \u0219tiu despre toate aceste detalii. Ce pot s\u0103 v\u0103 spun este c\u0103 nu e nimic adev\u0103rat, oamenii \u0219i-au luat banii\u2036, a subliniat Cus\u0103. El a respins \u0219i acuza\u021biile potrivit c\u0103rora ar fi \u00eencercat s\u0103 promit\u0103 func\u021bii mai bune angajatelor tinere \u00een schimbul unor favoruri. \u2033V\u0103 da\u021bi seama c\u0103, la v\u00e2rsta mea, de 72 de ani, sunt ca \u0219i copiii mei. Cum a\u0219 putea s\u0103 fac acest lucru. Pentru mine to\u021bi angaja\u021bii de la Alcor sunt ca o familie\u2036, a spus el.<\/p>\n<p><strong>Directorul economic a decis s\u0103 opreasc\u0103 banii ca s\u0103 recupereze din pierderi<\/strong><\/p>\n<p>Dup\u0103 discu\u021bia cu Gheorghe Cus\u0103 am fost contacta\u021bi telefonic de directorul economic al Complexului Alcor, Ana G\u0103l\u0103teanu, care sus\u021bine c\u0103 ideea de a opri banii oamenilor a fost a ei, pentru c\u0103 firma a \u00eenregistrat pierderi. \u2033S-au g\u0103sit ni\u0219te sume lips\u0103 \u0219i l-am informat pe domnul Cus\u0103, dar dumnealui nu a fost de acord s\u0103 le oprim banii oamenilor\u2036, a spus G\u0103l\u0103teanu, care a ridicat din umeri c\u00e2nd i-am replicat c\u0103 oamenii nu aveau gestiune. La fel \u0219i legat de banii pe concediul neefectuat pe care oamenii sunt \u00eendrept\u0103\u021bi\u021bi s\u0103 \u00eei primeasc\u0103. \u2033Acestea sunt problemele noastre interne. V\u0103 da\u021bi seama c\u0103 \u00eentr-un hotel se perind\u0103 sute de angaja\u021bi\u2036, a ad\u0103ugat ea.<\/p>\n<p><strong>Re\u021beta succesului e rentabil\u0103: profit net de 1.198.090 lei<\/strong><\/p>\n<p>\u00cen 2021 Complexul Alcor nu a ie\u0219it deloc \u00een pierdere. Potrivit datelor financiare, societatea a avut o cifr\u0103 de afaceri de 4.879.898 lei \u0219i un profit net de 1.198.090 lei.<\/p>\n<p>Inspectoratul Teritorial de Munc\u0103 (ITM) Constan\u021ba s-a confruntat dup\u0103 \u00eencheierea sezonului estival cu o avalan\u0219\u0103 de pl\u00e2ngeri din partea muncitorilor sezonieri, care reclam\u0103 atitudinea abuziv\u0103 a angajatorilor din turism care vor s\u0103 profite de pe urma lor. \u2033Avem dou\u0103 pl\u00e2ngeri venite din partea angaja\u021bilor acestui complex hotelier, una din luna mai, pentru h\u0103r\u021buire \u00een care o doamn\u0103 reclam\u0103 un comportament neadecvat, c\u0103 i s-ar fi vorbit ur\u00e2t, \u0219i una de pe 4 septembrie, din partea unui agent de paz\u0103, care reclam\u0103 c\u0103 nu \u0219i-a primit banii. Vom verifica situa\u021bia de acolo, iar pe aceast\u0103 cale \u00eei \u00eendemn pe to\u021bi cei care se simt nedrept\u0103\u021bi\u021bi s\u0103 apeleze la sprijinul nostru\u2036, ne-a declarat Marian Becheanu, inspectorul \u0219ef al ITM Constan\u021ba.<\/p>\n<p><strong>Nu i-a pus nimeni la punct <\/strong><\/p>\n<p>\u00cen luna iulie, ziarul \u2033Salut, Dobrogea!\u2036 semnala atitudinea abuziv\u0103 \u0219i discre\u021bionar\u0103 a so\u021biei lui Gheorghe Cus\u0103, care gonea de pe plaja din dreptul Alcor turi\u0219tii care nu erau caza\u021bi acolo, sus\u021bin\u00e2nd aberant c\u0103 este proprietar\u0103 pe plaj\u0103 \u0219i pe o bucat\u0103 din Marea Neagr\u0103. Iat\u0103 detaliile aici:<\/p>\n<p><a href=\"https:\/\/salutdobrogea.ro\/index.php\/2022\/07\/14\/scandal-pe-plaja-de-la-alcor-patroana-a-iesit-sa-goneasca-si-ultimii-clienti\/\">https:\/\/salutdobrogea.ro\/index.php\/2022\/07\/14\/scandal-pe-plaja-de-la-alcor-patroana-a-iesit-sa-goneasca-si-ultimii-clienti\/<\/a><\/p>\n<p>Atunci au fost sesizate at\u00e2t Administra\u021bia Bazinal\u0103 de Ap\u0103 Dobrogea Litoral, c\u00e2t \u0219i Comisariatul Jude\u021bean pentru Protec\u021bia Consumatorilor. \u00cen urma verific\u0103rilor demarate de cele dou\u0103 institu\u021bii, hotelierii au fost sanc\u021biona\u021bi cu avertisment pentru c\u0103 nu asigurau suprafa\u021ba de nisip destinat\u0103 turi\u0219tilor cu prosopul. Adic\u0103, \u00een urma celor relatate de noi, au p\u0103\u021bit fix nimic. Na-da! Vom reveni.<\/p>\n","protected":false},"excerpt":{"rendered":"<p>Dup\u0103 ce \u00een var\u0103 au izgonit turi\u0219tii de pe plaja aflat\u0103 \u00een dreptul propritet\u0103\u021bii lor, patronii de la Hotelul Alcor din sta\u021biunea Mamaia au recidivat:<\/p>\n","protected":false},"author":1,"featured_media":4213,"comment_status":"open","ping_status":"open","sticky":false,"template":"","format":"standard","meta":{"footnotes":""},"categories":[16],"tags":[470,466,496,469,497],"class_list":["post-4212","post","type-post","status-publish","format-standard","has-post-thumbnail","hentry","category-actualitate","tag-gheorghe-cusa","tag-hotel-alcor","tag-itm","tag-scandal","tag-teapa"],"yoast_head":"<!-- This site is optimized with the Yoast SEO plugin v27.2 - https:\/\/yoast.com\/product\/yoast-seo-wordpress\/ -->\n<title>Un nou scandal la Alcor: Angaja\u021bii izgoni\u021bi \u0219i \u021bepui\u021bi s-au baricadat \u00een hotel - SALUT DOBROGEA!<\/title>\n<meta name=\"robots\" content=\"index, follow, max-snippet:-1, max-image-preview:large, max-video-preview:-1\" \/>\n<link rel=\"canonical\" href=\"https:\/\/salutdobrogea.ro\/index.php\/2022\/10\/07\/un-nou-scandal-la-alcor-angajatii-izgoniti-si-tepuiti-s-au-baricadat-in-hotel\/\" \/>\n<meta property=\"og:locale\" content=\"ro_RO\" \/>\n<meta property=\"og:type\" content=\"article\" \/>\n<meta property=\"og:title\" content=\"Un nou scandal la Alcor: Angaja\u021bii izgoni\u021bi \u0219i \u021bepui\u021bi s-au baricadat \u00een hotel - SALUT DOBROGEA!\" \/>\n<meta property=\"og:description\" content=\"Dup\u0103 ce \u00een var\u0103 au izgonit turi\u0219tii de pe plaja aflat\u0103 \u00een dreptul propritet\u0103\u021bii lor, patronii de la Hotelul Alcor din sta\u021biunea Mamaia au recidivat:\" \/>\n<meta property=\"og:url\" content=\"https:\/\/salutdobrogea.ro\/index.php\/2022\/10\/07\/un-nou-scandal-la-alcor-angajatii-izgoniti-si-tepuiti-s-au-baricadat-in-hotel\/\" \/>\n<meta property=\"og:site_name\" content=\"SALUT DOBROGEA!\" \/>\n<meta property=\"article:publisher\" content=\"https:\/\/www.facebook.com\/Salut-Dobrogea-ziar-regional-109038338217571\" \/>\n<meta property=\"article:published_time\" content=\"2022-10-07T13:25:56+00:00\" \/>\n<meta property=\"og:image\" content=\"https:\/\/salutdobrogea.ro\/wp-content\/uploads\/2022\/10\/alcor-facebook.jpg\" \/>\n\t<meta property=\"og:image:width\" content=\"907\" \/>\n\t<meta property=\"og:image:height\" content=\"908\" \/>\n\t<meta property=\"og:image:type\" content=\"image\/jpeg\" \/>\n<meta name=\"author\" content=\"admin\" \/>\n<meta name=\"twitter:card\" content=\"summary_large_image\" \/>\n<meta name=\"twitter:label1\" content=\"Scris de\" \/>\n\t<meta name=\"twitter:data1\" content=\"admin\" \/>\n\t<meta name=\"twitter:label2\" content=\"Timp estimat pentru citire\" \/>\n\t<meta name=\"twitter:data2\" content=\"10 minute\" \/>\n<script type=\"application\/ld+json\" class=\"yoast-schema-graph\">{\"@context\":\"https:\/\/schema.org\",\"@graph\":[{\"@type\":\"Article\",\"@id\":\"https:\/\/salutdobrogea.ro\/index.php\/2022\/10\/07\/un-nou-scandal-la-alcor-angajatii-izgoniti-si-tepuiti-s-au-baricadat-in-hotel\/#article\",\"isPartOf\":{\"@id\":\"https:\/\/salutdobrogea.ro\/index.php\/2022\/10\/07\/un-nou-scandal-la-alcor-angajatii-izgoniti-si-tepuiti-s-au-baricadat-in-hotel\/\"},\"author\":{\"name\":\"admin\",\"@id\":\"https:\/\/salutdobrogea.ro\/#\/schema\/person\/bbcddc03d690946f9e40b57dd55a08fa\"},\"headline\":\"Un nou scandal la Alcor: Angaja\u021bii izgoni\u021bi \u0219i \u021bepui\u021bi s-au baricadat \u00een hotel\",\"datePublished\":\"2022-10-07T13:25:56+00:00\",\"mainEntityOfPage\":{\"@id\":\"https:\/\/salutdobrogea.ro\/index.php\/2022\/10\/07\/un-nou-scandal-la-alcor-angajatii-izgoniti-si-tepuiti-s-au-baricadat-in-hotel\/\"},\"wordCount\":2062,\"commentCount\":0,\"publisher\":{\"@id\":\"https:\/\/salutdobrogea.ro\/#organization\"},\"image\":{\"@id\":\"https:\/\/salutdobrogea.ro\/index.php\/2022\/10\/07\/un-nou-scandal-la-alcor-angajatii-izgoniti-si-tepuiti-s-au-baricadat-in-hotel\/#primaryimage\"},\"thumbnailUrl\":\"https:\/\/salutdobrogea.ro\/wp-content\/uploads\/2022\/10\/alcor-facebook.jpg\",\"keywords\":[\"Gheorghe Cu\u0219a\",\"Hotel Alcor\",\"ITM\",\"scandal\",\"\u021beap\u0103\"],\"articleSection\":[\"Actualitate\"],\"inLanguage\":\"ro-RO\",\"potentialAction\":[{\"@type\":\"CommentAction\",\"name\":\"Comment\",\"target\":[\"https:\/\/salutdobrogea.ro\/index.php\/2022\/10\/07\/un-nou-scandal-la-alcor-angajatii-izgoniti-si-tepuiti-s-au-baricadat-in-hotel\/#respond\"]}]},{\"@type\":\"WebPage\",\"@id\":\"https:\/\/salutdobrogea.ro\/index.php\/2022\/10\/07\/un-nou-scandal-la-alcor-angajatii-izgoniti-si-tepuiti-s-au-baricadat-in-hotel\/\",\"url\":\"https:\/\/salutdobrogea.ro\/index.php\/2022\/10\/07\/un-nou-scandal-la-alcor-angajatii-izgoniti-si-tepuiti-s-au-baricadat-in-hotel\/\",\"name\":\"Un nou scandal la Alcor: Angaja\u021bii izgoni\u021bi \u0219i \u021bepui\u021bi s-au baricadat \u00een hotel - SALUT DOBROGEA!\",\"isPartOf\":{\"@id\":\"https:\/\/salutdobrogea.ro\/#website\"},\"primaryImageOfPage\":{\"@id\":\"https:\/\/salutdobrogea.ro\/index.php\/2022\/10\/07\/un-nou-scandal-la-alcor-angajatii-izgoniti-si-tepuiti-s-au-baricadat-in-hotel\/#primaryimage\"},\"image\":{\"@id\":\"https:\/\/salutdobrogea.ro\/index.php\/2022\/10\/07\/un-nou-scandal-la-alcor-angajatii-izgoniti-si-tepuiti-s-au-baricadat-in-hotel\/#primaryimage\"},\"thumbnailUrl\":\"https:\/\/salutdobrogea.ro\/wp-content\/uploads\/2022\/10\/alcor-facebook.jpg\",\"datePublished\":\"2022-10-07T13:25:56+00:00\",\"breadcrumb\":{\"@id\":\"https:\/\/salutdobrogea.ro\/index.php\/2022\/10\/07\/un-nou-scandal-la-alcor-angajatii-izgoniti-si-tepuiti-s-au-baricadat-in-hotel\/#breadcrumb\"},\"inLanguage\":\"ro-RO\",\"potentialAction\":[{\"@type\":\"ReadAction\",\"target\":[\"https:\/\/salutdobrogea.ro\/index.php\/2022\/10\/07\/un-nou-scandal-la-alcor-angajatii-izgoniti-si-tepuiti-s-au-baricadat-in-hotel\/\"]}]},{\"@type\":\"ImageObject\",\"inLanguage\":\"ro-RO\",\"@id\":\"https:\/\/salutdobrogea.ro\/index.php\/2022\/10\/07\/un-nou-scandal-la-alcor-angajatii-izgoniti-si-tepuiti-s-au-baricadat-in-hotel\/#primaryimage\",\"url\":\"https:\/\/salutdobrogea.ro\/wp-content\/uploads\/2022\/10\/alcor-facebook.jpg\",\"contentUrl\":\"https:\/\/salutdobrogea.ro\/wp-content\/uploads\/2022\/10\/alcor-facebook.jpg\",\"width\":907,\"height\":908,\"caption\":\"Sursa: Facebook\"},{\"@type\":\"BreadcrumbList\",\"@id\":\"https:\/\/salutdobrogea.ro\/index.php\/2022\/10\/07\/un-nou-scandal-la-alcor-angajatii-izgoniti-si-tepuiti-s-au-baricadat-in-hotel\/#breadcrumb\",\"itemListElement\":[{\"@type\":\"ListItem\",\"position\":1,\"name\":\"Prima pagin\u0103\",\"item\":\"https:\/\/salutdobrogea.ro\/\"},{\"@type\":\"ListItem\",\"position\":2,\"name\":\"Un nou scandal la Alcor: Angaja\u021bii izgoni\u021bi \u0219i \u021bepui\u021bi s-au baricadat \u00een hotel\"}]},{\"@type\":\"WebSite\",\"@id\":\"https:\/\/salutdobrogea.ro\/#website\",\"url\":\"https:\/\/salutdobrogea.ro\/\",\"name\":\"SALUT DOBROGEA!\",\"description\":\"ziar de informare \u0219i atitudine\",\"publisher\":{\"@id\":\"https:\/\/salutdobrogea.ro\/#organization\"},\"potentialAction\":[{\"@type\":\"SearchAction\",\"target\":{\"@type\":\"EntryPoint\",\"urlTemplate\":\"https:\/\/salutdobrogea.ro\/?s={search_term_string}\"},\"query-input\":{\"@type\":\"PropertyValueSpecification\",\"valueRequired\":true,\"valueName\":\"search_term_string\"}}],\"inLanguage\":\"ro-RO\"},{\"@type\":\"Organization\",\"@id\":\"https:\/\/salutdobrogea.ro\/#organization\",\"name\":\"SALUT DOBROGEA!\",\"url\":\"https:\/\/salutdobrogea.ro\/\",\"logo\":{\"@type\":\"ImageObject\",\"inLanguage\":\"ro-RO\",\"@id\":\"https:\/\/salutdobrogea.ro\/#\/schema\/logo\/image\/\",\"url\":\"https:\/\/salutdobrogea.ro\/wp-content\/uploads\/2021\/09\/Logo-SD_Left-Dark.png\",\"contentUrl\":\"https:\/\/salutdobrogea.ro\/wp-content\/uploads\/2021\/09\/Logo-SD_Left-Dark.png\",\"width\":3978,\"height\":840,\"caption\":\"SALUT DOBROGEA!\"},\"image\":{\"@id\":\"https:\/\/salutdobrogea.ro\/#\/schema\/logo\/image\/\"},\"sameAs\":[\"https:\/\/www.facebook.com\/Salut-Dobrogea-ziar-regional-109038338217571\"]},{\"@type\":\"Person\",\"@id\":\"https:\/\/salutdobrogea.ro\/#\/schema\/person\/bbcddc03d690946f9e40b57dd55a08fa\",\"name\":\"admin\",\"image\":{\"@type\":\"ImageObject\",\"inLanguage\":\"ro-RO\",\"@id\":\"https:\/\/secure.gravatar.com\/avatar\/46f1f00f48c1d950f263e68956bca86a82b2ae8bece37a0ffe8ce76176036613?s=96&d=mm&r=g\",\"url\":\"https:\/\/secure.gravatar.com\/avatar\/46f1f00f48c1d950f263e68956bca86a82b2ae8bece37a0ffe8ce76176036613?s=96&d=mm&r=g\",\"contentUrl\":\"https:\/\/secure.gravatar.com\/avatar\/46f1f00f48c1d950f263e68956bca86a82b2ae8bece37a0ffe8ce76176036613?s=96&d=mm&r=g\",\"caption\":\"admin\"},\"sameAs\":[\"https:\/\/salutdobrogea.ro\"],\"url\":\"https:\/\/salutdobrogea.ro\/index.php\/author\/admin\/\"}]}<\/script>\n<!-- \/ Yoast SEO plugin. -->","yoast_head_json":{"title":"Un nou scandal la Alcor: Angaja\u021bii izgoni\u021bi \u0219i \u021bepui\u021bi s-au baricadat \u00een hotel - SALUT DOBROGEA!","robots":{"index":"index","follow":"follow","max-snippet":"max-snippet:-1","max-image-preview":"max-image-preview:large","max-video-preview":"max-video-preview:-1"},"canonical":"https:\/\/salutdobrogea.ro\/index.php\/2022\/10\/07\/un-nou-scandal-la-alcor-angajatii-izgoniti-si-tepuiti-s-au-baricadat-in-hotel\/","og_locale":"ro_RO","og_type":"article","og_title":"Un nou scandal la Alcor: Angaja\u021bii izgoni\u021bi \u0219i \u021bepui\u021bi s-au baricadat \u00een hotel - SALUT DOBROGEA!","og_description":"Dup\u0103 ce \u00een var\u0103 au izgonit turi\u0219tii de pe plaja aflat\u0103 \u00een dreptul propritet\u0103\u021bii lor, patronii de la Hotelul Alcor din sta\u021biunea Mamaia au recidivat:","og_url":"https:\/\/salutdobrogea.ro\/index.php\/2022\/10\/07\/un-nou-scandal-la-alcor-angajatii-izgoniti-si-tepuiti-s-au-baricadat-in-hotel\/","og_site_name":"SALUT DOBROGEA!","article_publisher":"https:\/\/www.facebook.com\/Salut-Dobrogea-ziar-regional-109038338217571","article_published_time":"2022-10-07T13:25:56+00:00","og_image":[{"width":907,"height":908,"url":"https:\/\/salutdobrogea.ro\/wp-content\/uploads\/2022\/10\/alcor-facebook.jpg","type":"image\/jpeg"}],"author":"admin","twitter_card":"summary_large_image","twitter_misc":{"Scris de":"admin","Timp estimat pentru citire":"10 minute"},"schema":{"@context":"https:\/\/schema.org","@graph":[{"@type":"Article","@id":"https:\/\/salutdobrogea.ro\/index.php\/2022\/10\/07\/un-nou-scandal-la-alcor-angajatii-izgoniti-si-tepuiti-s-au-baricadat-in-hotel\/#article","isPartOf":{"@id":"https:\/\/salutdobrogea.ro\/index.php\/2022\/10\/07\/un-nou-scandal-la-alcor-angajatii-izgoniti-si-tepuiti-s-au-baricadat-in-hotel\/"},"author":{"name":"admin","@id":"https:\/\/salutdobrogea.ro\/#\/schema\/person\/bbcddc03d690946f9e40b57dd55a08fa"},"headline":"Un nou scandal la Alcor: Angaja\u021bii izgoni\u021bi \u0219i \u021bepui\u021bi s-au baricadat \u00een hotel","datePublished":"2022-10-07T13:25:56+00:00","mainEntityOfPage":{"@id":"https:\/\/salutdobrogea.ro\/index.php\/2022\/10\/07\/un-nou-scandal-la-alcor-angajatii-izgoniti-si-tepuiti-s-au-baricadat-in-hotel\/"},"wordCount":2062,"commentCount":0,"publisher":{"@id":"https:\/\/salutdobrogea.ro\/#organization"},"image":{"@id":"https:\/\/salutdobrogea.ro\/index.php\/2022\/10\/07\/un-nou-scandal-la-alcor-angajatii-izgoniti-si-tepuiti-s-au-baricadat-in-hotel\/#primaryimage"},"thumbnailUrl":"https:\/\/salutdobrogea.ro\/wp-content\/uploads\/2022\/10\/alcor-facebook.jpg","keywords":["Gheorghe Cu\u0219a","Hotel Alcor","ITM","scandal","\u021beap\u0103"],"articleSection":["Actualitate"],"inLanguage":"ro-RO","potentialAction":[{"@type":"CommentAction","name":"Comment","target":["https:\/\/salutdobrogea.ro\/index.php\/2022\/10\/07\/un-nou-scandal-la-alcor-angajatii-izgoniti-si-tepuiti-s-au-baricadat-in-hotel\/#respond"]}]},{"@type":"WebPage","@id":"https:\/\/salutdobrogea.ro\/index.php\/2022\/10\/07\/un-nou-scandal-la-alcor-angajatii-izgoniti-si-tepuiti-s-au-baricadat-in-hotel\/","url":"https:\/\/salutdobrogea.ro\/index.php\/2022\/10\/07\/un-nou-scandal-la-alcor-angajatii-izgoniti-si-tepuiti-s-au-baricadat-in-hotel\/","name":"Un nou scandal la Alcor: Angaja\u021bii izgoni\u021bi \u0219i \u021bepui\u021bi s-au baricadat \u00een hotel - SALUT DOBROGEA!","isPartOf":{"@id":"https:\/\/salutdobrogea.ro\/#website"},"primaryImageOfPage":{"@id":"https:\/\/salutdobrogea.ro\/index.php\/2022\/10\/07\/un-nou-scandal-la-alcor-angajatii-izgoniti-si-tepuiti-s-au-baricadat-in-hotel\/#primaryimage"},"image":{"@id":"https:\/\/salutdobrogea.ro\/index.php\/2022\/10\/07\/un-nou-scandal-la-alcor-angajatii-izgoniti-si-tepuiti-s-au-baricadat-in-hotel\/#primaryimage"},"thumbnailUrl":"https:\/\/salutdobrogea.ro\/wp-content\/uploads\/2022\/10\/alcor-facebook.jpg","datePublished":"2022-10-07T13:25:56+00:00","breadcrumb":{"@id":"https:\/\/salutdobrogea.ro\/index.php\/2022\/10\/07\/un-nou-scandal-la-alcor-angajatii-izgoniti-si-tepuiti-s-au-baricadat-in-hotel\/#breadcrumb"},"inLanguage":"ro-RO","potentialAction":[{"@type":"ReadAction","target":["https:\/\/salutdobrogea.ro\/index.php\/2022\/10\/07\/un-nou-scandal-la-alcor-angajatii-izgoniti-si-tepuiti-s-au-baricadat-in-hotel\/"]}]},{"@type":"ImageObject","inLanguage":"ro-RO","@id":"https:\/\/salutdobrogea.ro\/index.php\/2022\/10\/07\/un-nou-scandal-la-alcor-angajatii-izgoniti-si-tepuiti-s-au-baricadat-in-hotel\/#primaryimage","url":"https:\/\/salutdobrogea.ro\/wp-content\/uploads\/2022\/10\/alcor-facebook.jpg","contentUrl":"https:\/\/salutdobrogea.ro\/wp-content\/uploads\/2022\/10\/alcor-facebook.jpg","width":907,"height":908,"caption":"Sursa: Facebook"},{"@type":"BreadcrumbList","@id":"https:\/\/salutdobrogea.ro\/index.php\/2022\/10\/07\/un-nou-scandal-la-alcor-angajatii-izgoniti-si-tepuiti-s-au-baricadat-in-hotel\/#breadcrumb","itemListElement":[{"@type":"ListItem","position":1,"name":"Prima pagin\u0103","item":"https:\/\/salutdobrogea.ro\/"},{"@type":"ListItem","position":2,"name":"Un nou scandal la Alcor: Angaja\u021bii izgoni\u021bi \u0219i \u021bepui\u021bi s-au baricadat \u00een hotel"}]},{"@type":"WebSite","@id":"https:\/\/salutdobrogea.ro\/#website","url":"https:\/\/salutdobrogea.ro\/","name":"SALUT DOBROGEA!","description":"ziar de informare \u0219i atitudine","publisher":{"@id":"https:\/\/salutdobrogea.ro\/#organization"},"potentialAction":[{"@type":"SearchAction","target":{"@type":"EntryPoint","urlTemplate":"https:\/\/salutdobrogea.ro\/?s={search_term_string}"},"query-input":{"@type":"PropertyValueSpecification","valueRequired":true,"valueName":"search_term_string"}}],"inLanguage":"ro-RO"},{"@type":"Organization","@id":"https:\/\/salutdobrogea.ro\/#organization","name":"SALUT DOBROGEA!","url":"https:\/\/salutdobrogea.ro\/","logo":{"@type":"ImageObject","inLanguage":"ro-RO","@id":"https:\/\/salutdobrogea.ro\/#\/schema\/logo\/image\/","url":"https:\/\/salutdobrogea.ro\/wp-content\/uploads\/2021\/09\/Logo-SD_Left-Dark.png","contentUrl":"https:\/\/salutdobrogea.ro\/wp-content\/uploads\/2021\/09\/Logo-SD_Left-Dark.png","width":3978,"height":840,"caption":"SALUT DOBROGEA!"},"image":{"@id":"https:\/\/salutdobrogea.ro\/#\/schema\/logo\/image\/"},"sameAs":["https:\/\/www.facebook.com\/Salut-Dobrogea-ziar-regional-109038338217571"]},{"@type":"Person","@id":"https:\/\/salutdobrogea.ro\/#\/schema\/person\/bbcddc03d690946f9e40b57dd55a08fa","name":"admin","image":{"@type":"ImageObject","inLanguage":"ro-RO","@id":"https:\/\/secure.gravatar.com\/avatar\/46f1f00f48c1d950f263e68956bca86a82b2ae8bece37a0ffe8ce76176036613?s=96&d=mm&r=g","url":"https:\/\/secure.gravatar.com\/avatar\/46f1f00f48c1d950f263e68956bca86a82b2ae8bece37a0ffe8ce76176036613?s=96&d=mm&r=g","contentUrl":"https:\/\/secure.gravatar.com\/avatar\/46f1f00f48c1d950f263e68956bca86a82b2ae8bece37a0ffe8ce76176036613?s=96&d=mm&r=g","caption":"admin"},"sameAs":["https:\/\/salutdobrogea.ro"],"url":"https:\/\/salutdobrogea.ro\/index.php\/author\/admin\/"}]}},"_links":{"self":[{"href":"https:\/\/salutdobrogea.ro\/index.php\/wp-json\/wp\/v2\/posts\/4212","targetHints":{"allow":["GET"]}}],"collection":[{"href":"https:\/\/salutdobrogea.ro\/index.php\/wp-json\/wp\/v2\/posts"}],"about":[{"href":"https:\/\/salutdobrogea.ro\/index.php\/wp-json\/wp\/v2\/types\/post"}],"author":[{"embeddable":true,"href":"https:\/\/salutdobrogea.ro\/index.php\/wp-json\/wp\/v2\/users\/1"}],"replies":[{"embeddable":true,"href":"https:\/\/salutdobrogea.ro\/index.php\/wp-json\/wp\/v2\/comments?post=4212"}],"version-history":[{"count":1,"href":"https:\/\/salutdobrogea.ro\/index.php\/wp-json\/wp\/v2\/posts\/4212\/revisions"}],"predecessor-version":[{"id":4215,"href":"https:\/\/salutdobrogea.ro\/index.php\/wp-json\/wp\/v2\/posts\/4212\/revisions\/4215"}],"wp:featuredmedia":[{"embeddable":true,"href":"https:\/\/salutdobrogea.ro\/index.php\/wp-json\/wp\/v2\/media\/4213"}],"wp:attachment":[{"href":"https:\/\/salutdobrogea.ro\/index.php\/wp-json\/wp\/v2\/media?parent=4212"}],"wp:term":[{"taxonomy":"category","embeddable":true,"href":"https:\/\/salutdobrogea.ro\/index.php\/wp-json\/wp\/v2\/categories?post=4212"},{"taxonomy":"post_tag","embeddable":true,"href":"https:\/\/salutdobrogea.ro\/index.php\/wp-json\/wp\/v2\/tags?post=4212"}],"curies":[{"name":"wp","href":"https:\/\/api.w.org\/{rel}","templated":true}]}}