{"id":3224,"date":"2021-11-03T10:38:33","date_gmt":"2021-11-03T10:38:33","guid":{"rendered":"https:\/\/salutdobrogea.ro\/?p=3224"},"modified":"2021-11-03T10:38:33","modified_gmt":"2021-11-03T10:38:33","slug":"tulcea-se-pregateste-pentru-deszapezire","status":"publish","type":"post","link":"https:\/\/salutdobrogea.ro\/index.php\/2021\/11\/03\/tulcea-se-pregateste-pentru-deszapezire\/","title":{"rendered":"Tulcea se preg\u0103te\u0219te pentru desz\u0103pezire"},"content":{"rendered":"<p><div id='gallery-1' class='gallery galleryid-3224 gallery-columns-3 gallery-size-thumbnail'><figure class='gallery-item'>\n\t\t\t<div class='gallery-icon landscape'>\n\t\t\t\t<a href='https:\/\/salutdobrogea.ro\/index.php\/2021\/11\/03\/tulcea-se-pregateste-pentru-deszapezire\/sararita\/'><img decoding=\"async\" width=\"150\" height=\"150\" src=\"https:\/\/salutdobrogea.ro\/wp-content\/uploads\/2021\/11\/sararita-150x150.jpg\" class=\"attachment-thumbnail size-thumbnail\" alt=\"\" srcset=\"https:\/\/salutdobrogea.ro\/wp-content\/uploads\/2021\/11\/sararita-150x150.jpg 150w, https:\/\/salutdobrogea.ro\/wp-content\/uploads\/2021\/11\/sararita-300x300.jpg 300w, https:\/\/salutdobrogea.ro\/wp-content\/uploads\/2021\/11\/sararita-768x768.jpg 768w, https:\/\/salutdobrogea.ro\/wp-content\/uploads\/2021\/11\/sararita-400x400.jpg 400w, https:\/\/salutdobrogea.ro\/wp-content\/uploads\/2021\/11\/sararita-780x780.jpg 780w, https:\/\/salutdobrogea.ro\/wp-content\/uploads\/2021\/11\/sararita-600x600.jpg 600w, https:\/\/salutdobrogea.ro\/wp-content\/uploads\/2021\/11\/sararita-100x100.jpg 100w, https:\/\/salutdobrogea.ro\/wp-content\/uploads\/2021\/11\/sararita.jpg 800w\" sizes=\"(max-width: 150px) 100vw, 150px\" \/><\/a>\n\t\t\t<\/div><\/figure>\n\t\t<\/div>\n<br \/>\nAutorit\u0103\u021bile din Tulcea nu vor fi luate pe nepreg\u0103tite de condi\u021biile atmosferice \u00een aceast\u0103 iarn\u0103. Prim\u0103ria municipiului a demarat deja procedura de licita\u021bie pentru \u00eenchirierea de utilaje de desz\u0103pezire.<br \/>\nPotrivit anun\u021bului publicat \u00een Sistemul Electronic de Achizi\u021bii Publice, administra\u021bia local\u0103 inten\u021bioneaz\u0103 s\u0103 \u00eencheie un acord cadru \u00een acest sens. Contractul \u2033Servicii de \u00eenchiriere de utilaje specifice pentru desf\u0103\u0219urarea activit\u0103\u021bii de desz\u0103pezire \u00een municipiul Tulcea\u2036 presupune \u00eenchiriere de vehicule industriale cu \u0219ofer, iar, potrivit anun\u021bului, valoarea estimat\u0103 poate ajunge la 584.800 lei. Mai exact, prim\u0103ria caut\u0103 s\u0103 \u00eenchirieze s\u0103r\u0103ri\u021be, autobasculante, \u00eenc\u0103rc\u0103tor pe pneuri mare \u0219i mic \u0219i buldoexcavator. <\/p>\n","protected":false},"excerpt":{"rendered":"<p>Autorit\u0103\u021bile din Tulcea nu vor fi luate pe nepreg\u0103tite de condi\u021biile atmosferice \u00een aceast\u0103 iarn\u0103. Prim\u0103ria municipiului a demarat deja procedura de licita\u021bie pentru \u00eenchirierea<\/p>\n","protected":false},"author":1,"featured_media":3225,"comment_status":"open","ping_status":"open","sticky":false,"template":"","format":"standard","meta":{"footnotes":""},"categories":[18],"tags":[353,242,354,316],"class_list":["post-3224","post","type-post","status-publish","format-standard","has-post-thumbnail","hentry","category-administratie","tag-deszapezire","tag-judetul-tulcea","tag-licitatii-tulcea","tag-primaria-tulcea"],"yoast_head":"<!-- This site is optimized with the Yoast SEO plugin v27.2 - https:\/\/yoast.com\/product\/yoast-seo-wordpress\/ -->\n<title>Tulcea se preg\u0103te\u0219te pentru desz\u0103pezire - SALUT DOBROGEA!<\/title>\n<meta name=\"robots\" content=\"index, follow, max-snippet:-1, max-image-preview:large, max-video-preview:-1\" \/>\n<link rel=\"canonical\" href=\"https:\/\/salutdobrogea.ro\/index.php\/2021\/11\/03\/tulcea-se-pregateste-pentru-deszapezire\/\" \/>\n<meta property=\"og:locale\" content=\"ro_RO\" \/>\n<meta property=\"og:type\" content=\"article\" \/>\n<meta property=\"og:title\" content=\"Tulcea se preg\u0103te\u0219te pentru desz\u0103pezire - SALUT DOBROGEA!\" \/>\n<meta property=\"og:description\" content=\"Autorit\u0103\u021bile din Tulcea nu vor fi luate pe nepreg\u0103tite de condi\u021biile atmosferice \u00een aceast\u0103 iarn\u0103. Prim\u0103ria municipiului a demarat deja procedura de licita\u021bie pentru \u00eenchirierea\" \/>\n<meta property=\"og:url\" content=\"https:\/\/salutdobrogea.ro\/index.php\/2021\/11\/03\/tulcea-se-pregateste-pentru-deszapezire\/\" \/>\n<meta property=\"og:site_name\" content=\"SALUT DOBROGEA!\" \/>\n<meta property=\"article:publisher\" content=\"https:\/\/www.facebook.com\/Salut-Dobrogea-ziar-regional-109038338217571\" \/>\n<meta property=\"article:published_time\" content=\"2021-11-03T10:38:33+00:00\" \/>\n<meta property=\"og:image\" content=\"https:\/\/salutdobrogea.ro\/wp-content\/uploads\/2021\/11\/sararita.jpg\" \/>\n\t<meta property=\"og:image:width\" content=\"800\" \/>\n\t<meta property=\"og:image:height\" content=\"800\" \/>\n\t<meta property=\"og:image:type\" content=\"image\/jpeg\" \/>\n<meta name=\"author\" content=\"admin\" \/>\n<meta name=\"twitter:card\" content=\"summary_large_image\" \/>\n<meta name=\"twitter:label1\" content=\"Scris de\" \/>\n\t<meta name=\"twitter:data1\" content=\"admin\" \/>\n\t<meta name=\"twitter:label2\" content=\"Timp estimat pentru citire\" \/>\n\t<meta name=\"twitter:data2\" content=\"1 minut\" \/>\n<script type=\"application\/ld+json\" class=\"yoast-schema-graph\">{\"@context\":\"https:\/\/schema.org\",\"@graph\":[{\"@type\":\"Article\",\"@id\":\"https:\/\/salutdobrogea.ro\/index.php\/2021\/11\/03\/tulcea-se-pregateste-pentru-deszapezire\/#article\",\"isPartOf\":{\"@id\":\"https:\/\/salutdobrogea.ro\/index.php\/2021\/11\/03\/tulcea-se-pregateste-pentru-deszapezire\/\"},\"author\":{\"name\":\"admin\",\"@id\":\"https:\/\/salutdobrogea.ro\/#\/schema\/person\/bbcddc03d690946f9e40b57dd55a08fa\"},\"headline\":\"Tulcea se preg\u0103te\u0219te pentru desz\u0103pezire\",\"datePublished\":\"2021-11-03T10:38:33+00:00\",\"mainEntityOfPage\":{\"@id\":\"https:\/\/salutdobrogea.ro\/index.php\/2021\/11\/03\/tulcea-se-pregateste-pentru-deszapezire\/\"},\"wordCount\":126,\"commentCount\":0,\"publisher\":{\"@id\":\"https:\/\/salutdobrogea.ro\/#organization\"},\"image\":{\"@id\":\"https:\/\/salutdobrogea.ro\/index.php\/2021\/11\/03\/tulcea-se-pregateste-pentru-deszapezire\/#primaryimage\"},\"thumbnailUrl\":\"https:\/\/salutdobrogea.ro\/wp-content\/uploads\/2021\/11\/sararita.jpg\",\"keywords\":[\"desz\u0103pezire\",\"jude\u021bul Tulcea\",\"licita\u021bii Tulcea\",\"Prim\u0103ria Tulcea\"],\"articleSection\":[\"Administra\u021bie\"],\"inLanguage\":\"ro-RO\",\"potentialAction\":[{\"@type\":\"CommentAction\",\"name\":\"Comment\",\"target\":[\"https:\/\/salutdobrogea.ro\/index.php\/2021\/11\/03\/tulcea-se-pregateste-pentru-deszapezire\/#respond\"]}]},{\"@type\":\"WebPage\",\"@id\":\"https:\/\/salutdobrogea.ro\/index.php\/2021\/11\/03\/tulcea-se-pregateste-pentru-deszapezire\/\",\"url\":\"https:\/\/salutdobrogea.ro\/index.php\/2021\/11\/03\/tulcea-se-pregateste-pentru-deszapezire\/\",\"name\":\"Tulcea se preg\u0103te\u0219te pentru desz\u0103pezire - SALUT DOBROGEA!\",\"isPartOf\":{\"@id\":\"https:\/\/salutdobrogea.ro\/#website\"},\"primaryImageOfPage\":{\"@id\":\"https:\/\/salutdobrogea.ro\/index.php\/2021\/11\/03\/tulcea-se-pregateste-pentru-deszapezire\/#primaryimage\"},\"image\":{\"@id\":\"https:\/\/salutdobrogea.ro\/index.php\/2021\/11\/03\/tulcea-se-pregateste-pentru-deszapezire\/#primaryimage\"},\"thumbnailUrl\":\"https:\/\/salutdobrogea.ro\/wp-content\/uploads\/2021\/11\/sararita.jpg\",\"datePublished\":\"2021-11-03T10:38:33+00:00\",\"breadcrumb\":{\"@id\":\"https:\/\/salutdobrogea.ro\/index.php\/2021\/11\/03\/tulcea-se-pregateste-pentru-deszapezire\/#breadcrumb\"},\"inLanguage\":\"ro-RO\",\"potentialAction\":[{\"@type\":\"ReadAction\",\"target\":[\"https:\/\/salutdobrogea.ro\/index.php\/2021\/11\/03\/tulcea-se-pregateste-pentru-deszapezire\/\"]}]},{\"@type\":\"ImageObject\",\"inLanguage\":\"ro-RO\",\"@id\":\"https:\/\/salutdobrogea.ro\/index.php\/2021\/11\/03\/tulcea-se-pregateste-pentru-deszapezire\/#primaryimage\",\"url\":\"https:\/\/salutdobrogea.ro\/wp-content\/uploads\/2021\/11\/sararita.jpg\",\"contentUrl\":\"https:\/\/salutdobrogea.ro\/wp-content\/uploads\/2021\/11\/sararita.jpg\",\"width\":800,\"height\":800},{\"@type\":\"BreadcrumbList\",\"@id\":\"https:\/\/salutdobrogea.ro\/index.php\/2021\/11\/03\/tulcea-se-pregateste-pentru-deszapezire\/#breadcrumb\",\"itemListElement\":[{\"@type\":\"ListItem\",\"position\":1,\"name\":\"Prima pagin\u0103\",\"item\":\"https:\/\/salutdobrogea.ro\/\"},{\"@type\":\"ListItem\",\"position\":2,\"name\":\"Tulcea se preg\u0103te\u0219te pentru desz\u0103pezire\"}]},{\"@type\":\"WebSite\",\"@id\":\"https:\/\/salutdobrogea.ro\/#website\",\"url\":\"https:\/\/salutdobrogea.ro\/\",\"name\":\"SALUT DOBROGEA!\",\"description\":\"ziar de informare \u0219i atitudine\",\"publisher\":{\"@id\":\"https:\/\/salutdobrogea.ro\/#organization\"},\"potentialAction\":[{\"@type\":\"SearchAction\",\"target\":{\"@type\":\"EntryPoint\",\"urlTemplate\":\"https:\/\/salutdobrogea.ro\/?s={search_term_string}\"},\"query-input\":{\"@type\":\"PropertyValueSpecification\",\"valueRequired\":true,\"valueName\":\"search_term_string\"}}],\"inLanguage\":\"ro-RO\"},{\"@type\":\"Organization\",\"@id\":\"https:\/\/salutdobrogea.ro\/#organization\",\"name\":\"SALUT DOBROGEA!\",\"url\":\"https:\/\/salutdobrogea.ro\/\",\"logo\":{\"@type\":\"ImageObject\",\"inLanguage\":\"ro-RO\",\"@id\":\"https:\/\/salutdobrogea.ro\/#\/schema\/logo\/image\/\",\"url\":\"https:\/\/salutdobrogea.ro\/wp-content\/uploads\/2021\/09\/Logo-SD_Left-Dark.png\",\"contentUrl\":\"https:\/\/salutdobrogea.ro\/wp-content\/uploads\/2021\/09\/Logo-SD_Left-Dark.png\",\"width\":3978,\"height\":840,\"caption\":\"SALUT DOBROGEA!\"},\"image\":{\"@id\":\"https:\/\/salutdobrogea.ro\/#\/schema\/logo\/image\/\"},\"sameAs\":[\"https:\/\/www.facebook.com\/Salut-Dobrogea-ziar-regional-109038338217571\"]},{\"@type\":\"Person\",\"@id\":\"https:\/\/salutdobrogea.ro\/#\/schema\/person\/bbcddc03d690946f9e40b57dd55a08fa\",\"name\":\"admin\",\"image\":{\"@type\":\"ImageObject\",\"inLanguage\":\"ro-RO\",\"@id\":\"https:\/\/secure.gravatar.com\/avatar\/46f1f00f48c1d950f263e68956bca86a82b2ae8bece37a0ffe8ce76176036613?s=96&d=mm&r=g\",\"url\":\"https:\/\/secure.gravatar.com\/avatar\/46f1f00f48c1d950f263e68956bca86a82b2ae8bece37a0ffe8ce76176036613?s=96&d=mm&r=g\",\"contentUrl\":\"https:\/\/secure.gravatar.com\/avatar\/46f1f00f48c1d950f263e68956bca86a82b2ae8bece37a0ffe8ce76176036613?s=96&d=mm&r=g\",\"caption\":\"admin\"},\"sameAs\":[\"https:\/\/salutdobrogea.ro\"],\"url\":\"https:\/\/salutdobrogea.ro\/index.php\/author\/admin\/\"}]}<\/script>\n<!-- \/ Yoast SEO plugin. -->","yoast_head_json":{"title":"Tulcea se preg\u0103te\u0219te pentru desz\u0103pezire - SALUT DOBROGEA!","robots":{"index":"index","follow":"follow","max-snippet":"max-snippet:-1","max-image-preview":"max-image-preview:large","max-video-preview":"max-video-preview:-1"},"canonical":"https:\/\/salutdobrogea.ro\/index.php\/2021\/11\/03\/tulcea-se-pregateste-pentru-deszapezire\/","og_locale":"ro_RO","og_type":"article","og_title":"Tulcea se preg\u0103te\u0219te pentru desz\u0103pezire - SALUT DOBROGEA!","og_description":"Autorit\u0103\u021bile din Tulcea nu vor fi luate pe nepreg\u0103tite de condi\u021biile atmosferice \u00een aceast\u0103 iarn\u0103. Prim\u0103ria municipiului a demarat deja procedura de licita\u021bie pentru \u00eenchirierea","og_url":"https:\/\/salutdobrogea.ro\/index.php\/2021\/11\/03\/tulcea-se-pregateste-pentru-deszapezire\/","og_site_name":"SALUT DOBROGEA!","article_publisher":"https:\/\/www.facebook.com\/Salut-Dobrogea-ziar-regional-109038338217571","article_published_time":"2021-11-03T10:38:33+00:00","og_image":[{"width":800,"height":800,"url":"https:\/\/salutdobrogea.ro\/wp-content\/uploads\/2021\/11\/sararita.jpg","type":"image\/jpeg"}],"author":"admin","twitter_card":"summary_large_image","twitter_misc":{"Scris de":"admin","Timp estimat pentru citire":"1 minut"},"schema":{"@context":"https:\/\/schema.org","@graph":[{"@type":"Article","@id":"https:\/\/salutdobrogea.ro\/index.php\/2021\/11\/03\/tulcea-se-pregateste-pentru-deszapezire\/#article","isPartOf":{"@id":"https:\/\/salutdobrogea.ro\/index.php\/2021\/11\/03\/tulcea-se-pregateste-pentru-deszapezire\/"},"author":{"name":"admin","@id":"https:\/\/salutdobrogea.ro\/#\/schema\/person\/bbcddc03d690946f9e40b57dd55a08fa"},"headline":"Tulcea se preg\u0103te\u0219te pentru desz\u0103pezire","datePublished":"2021-11-03T10:38:33+00:00","mainEntityOfPage":{"@id":"https:\/\/salutdobrogea.ro\/index.php\/2021\/11\/03\/tulcea-se-pregateste-pentru-deszapezire\/"},"wordCount":126,"commentCount":0,"publisher":{"@id":"https:\/\/salutdobrogea.ro\/#organization"},"image":{"@id":"https:\/\/salutdobrogea.ro\/index.php\/2021\/11\/03\/tulcea-se-pregateste-pentru-deszapezire\/#primaryimage"},"thumbnailUrl":"https:\/\/salutdobrogea.ro\/wp-content\/uploads\/2021\/11\/sararita.jpg","keywords":["desz\u0103pezire","jude\u021bul Tulcea","licita\u021bii Tulcea","Prim\u0103ria Tulcea"],"articleSection":["Administra\u021bie"],"inLanguage":"ro-RO","potentialAction":[{"@type":"CommentAction","name":"Comment","target":["https:\/\/salutdobrogea.ro\/index.php\/2021\/11\/03\/tulcea-se-pregateste-pentru-deszapezire\/#respond"]}]},{"@type":"WebPage","@id":"https:\/\/salutdobrogea.ro\/index.php\/2021\/11\/03\/tulcea-se-pregateste-pentru-deszapezire\/","url":"https:\/\/salutdobrogea.ro\/index.php\/2021\/11\/03\/tulcea-se-pregateste-pentru-deszapezire\/","name":"Tulcea se preg\u0103te\u0219te pentru desz\u0103pezire - SALUT DOBROGEA!","isPartOf":{"@id":"https:\/\/salutdobrogea.ro\/#website"},"primaryImageOfPage":{"@id":"https:\/\/salutdobrogea.ro\/index.php\/2021\/11\/03\/tulcea-se-pregateste-pentru-deszapezire\/#primaryimage"},"image":{"@id":"https:\/\/salutdobrogea.ro\/index.php\/2021\/11\/03\/tulcea-se-pregateste-pentru-deszapezire\/#primaryimage"},"thumbnailUrl":"https:\/\/salutdobrogea.ro\/wp-content\/uploads\/2021\/11\/sararita.jpg","datePublished":"2021-11-03T10:38:33+00:00","breadcrumb":{"@id":"https:\/\/salutdobrogea.ro\/index.php\/2021\/11\/03\/tulcea-se-pregateste-pentru-deszapezire\/#breadcrumb"},"inLanguage":"ro-RO","potentialAction":[{"@type":"ReadAction","target":["https:\/\/salutdobrogea.ro\/index.php\/2021\/11\/03\/tulcea-se-pregateste-pentru-deszapezire\/"]}]},{"@type":"ImageObject","inLanguage":"ro-RO","@id":"https:\/\/salutdobrogea.ro\/index.php\/2021\/11\/03\/tulcea-se-pregateste-pentru-deszapezire\/#primaryimage","url":"https:\/\/salutdobrogea.ro\/wp-content\/uploads\/2021\/11\/sararita.jpg","contentUrl":"https:\/\/salutdobrogea.ro\/wp-content\/uploads\/2021\/11\/sararita.jpg","width":800,"height":800},{"@type":"BreadcrumbList","@id":"https:\/\/salutdobrogea.ro\/index.php\/2021\/11\/03\/tulcea-se-pregateste-pentru-deszapezire\/#breadcrumb","itemListElement":[{"@type":"ListItem","position":1,"name":"Prima pagin\u0103","item":"https:\/\/salutdobrogea.ro\/"},{"@type":"ListItem","position":2,"name":"Tulcea se preg\u0103te\u0219te pentru desz\u0103pezire"}]},{"@type":"WebSite","@id":"https:\/\/salutdobrogea.ro\/#website","url":"https:\/\/salutdobrogea.ro\/","name":"SALUT DOBROGEA!","description":"ziar de informare \u0219i atitudine","publisher":{"@id":"https:\/\/salutdobrogea.ro\/#organization"},"potentialAction":[{"@type":"SearchAction","target":{"@type":"EntryPoint","urlTemplate":"https:\/\/salutdobrogea.ro\/?s={search_term_string}"},"query-input":{"@type":"PropertyValueSpecification","valueRequired":true,"valueName":"search_term_string"}}],"inLanguage":"ro-RO"},{"@type":"Organization","@id":"https:\/\/salutdobrogea.ro\/#organization","name":"SALUT DOBROGEA!","url":"https:\/\/salutdobrogea.ro\/","logo":{"@type":"ImageObject","inLanguage":"ro-RO","@id":"https:\/\/salutdobrogea.ro\/#\/schema\/logo\/image\/","url":"https:\/\/salutdobrogea.ro\/wp-content\/uploads\/2021\/09\/Logo-SD_Left-Dark.png","contentUrl":"https:\/\/salutdobrogea.ro\/wp-content\/uploads\/2021\/09\/Logo-SD_Left-Dark.png","width":3978,"height":840,"caption":"SALUT DOBROGEA!"},"image":{"@id":"https:\/\/salutdobrogea.ro\/#\/schema\/logo\/image\/"},"sameAs":["https:\/\/www.facebook.com\/Salut-Dobrogea-ziar-regional-109038338217571"]},{"@type":"Person","@id":"https:\/\/salutdobrogea.ro\/#\/schema\/person\/bbcddc03d690946f9e40b57dd55a08fa","name":"admin","image":{"@type":"ImageObject","inLanguage":"ro-RO","@id":"https:\/\/secure.gravatar.com\/avatar\/46f1f00f48c1d950f263e68956bca86a82b2ae8bece37a0ffe8ce76176036613?s=96&d=mm&r=g","url":"https:\/\/secure.gravatar.com\/avatar\/46f1f00f48c1d950f263e68956bca86a82b2ae8bece37a0ffe8ce76176036613?s=96&d=mm&r=g","contentUrl":"https:\/\/secure.gravatar.com\/avatar\/46f1f00f48c1d950f263e68956bca86a82b2ae8bece37a0ffe8ce76176036613?s=96&d=mm&r=g","caption":"admin"},"sameAs":["https:\/\/salutdobrogea.ro"],"url":"https:\/\/salutdobrogea.ro\/index.php\/author\/admin\/"}]}},"_links":{"self":[{"href":"https:\/\/salutdobrogea.ro\/index.php\/wp-json\/wp\/v2\/posts\/3224","targetHints":{"allow":["GET"]}}],"collection":[{"href":"https:\/\/salutdobrogea.ro\/index.php\/wp-json\/wp\/v2\/posts"}],"about":[{"href":"https:\/\/salutdobrogea.ro\/index.php\/wp-json\/wp\/v2\/types\/post"}],"author":[{"embeddable":true,"href":"https:\/\/salutdobrogea.ro\/index.php\/wp-json\/wp\/v2\/users\/1"}],"replies":[{"embeddable":true,"href":"https:\/\/salutdobrogea.ro\/index.php\/wp-json\/wp\/v2\/comments?post=3224"}],"version-history":[{"count":1,"href":"https:\/\/salutdobrogea.ro\/index.php\/wp-json\/wp\/v2\/posts\/3224\/revisions"}],"predecessor-version":[{"id":3226,"href":"https:\/\/salutdobrogea.ro\/index.php\/wp-json\/wp\/v2\/posts\/3224\/revisions\/3226"}],"wp:featuredmedia":[{"embeddable":true,"href":"https:\/\/salutdobrogea.ro\/index.php\/wp-json\/wp\/v2\/media\/3225"}],"wp:attachment":[{"href":"https:\/\/salutdobrogea.ro\/index.php\/wp-json\/wp\/v2\/media?parent=3224"}],"wp:term":[{"taxonomy":"category","embeddable":true,"href":"https:\/\/salutdobrogea.ro\/index.php\/wp-json\/wp\/v2\/categories?post=3224"},{"taxonomy":"post_tag","embeddable":true,"href":"https:\/\/salutdobrogea.ro\/index.php\/wp-json\/wp\/v2\/tags?post=3224"}],"curies":[{"name":"wp","href":"https:\/\/api.w.org\/{rel}","templated":true}]}}