{"id":3182,"date":"2021-11-01T23:36:27","date_gmt":"2021-11-01T23:36:27","guid":{"rendered":"https:\/\/salutdobrogea.ro\/?p=3182"},"modified":"2021-11-01T23:36:27","modified_gmt":"2021-11-01T23:36:27","slug":"ce-i-au-transmis-dragii-constanteni-primarului-la-motul-de-mandat","status":"publish","type":"post","link":"https:\/\/salutdobrogea.ro\/index.php\/2021\/11\/01\/ce-i-au-transmis-dragii-constanteni-primarului-la-motul-de-mandat\/","title":{"rendered":"Ce i-au transmis \u201edragii const\u0103n\u021beni\u201d primarului la mo\u021bul de mandat"},"content":{"rendered":"<div id='gallery-1' class='gallery galleryid-3182 gallery-columns-3 gallery-size-thumbnail'><figure class='gallery-item'>\n\t\t\t<div class='gallery-icon landscape'>\n\t\t\t\t<a href='https:\/\/salutdobrogea.ro\/index.php\/2021\/11\/01\/ce-i-au-transmis-dragii-constanteni-primarului-la-motul-de-mandat\/raport-chitac\/'><img decoding=\"async\" width=\"150\" height=\"150\" src=\"https:\/\/salutdobrogea.ro\/wp-content\/uploads\/2021\/11\/raport-chitac-150x150.jpg\" class=\"attachment-thumbnail size-thumbnail\" alt=\"\" aria-describedby=\"gallery-1-3183\" srcset=\"https:\/\/salutdobrogea.ro\/wp-content\/uploads\/2021\/11\/raport-chitac-150x150.jpg 150w, https:\/\/salutdobrogea.ro\/wp-content\/uploads\/2021\/11\/raport-chitac-400x400.jpg 400w, https:\/\/salutdobrogea.ro\/wp-content\/uploads\/2021\/11\/raport-chitac-780x780.jpg 780w, https:\/\/salutdobrogea.ro\/wp-content\/uploads\/2021\/11\/raport-chitac-300x300.jpg 300w, https:\/\/salutdobrogea.ro\/wp-content\/uploads\/2021\/11\/raport-chitac-100x100.jpg 100w\" sizes=\"(max-width: 150px) 100vw, 150px\" \/><\/a>\n\t\t\t<\/div>\n\t\t\t\t<figcaption class='wp-caption-text gallery-caption' id='gallery-1-3183'>\n\t\t\t\tA\u0219a arat\u0103 o pagin\u0103 din raportul primarului\n\t\t\t\t<\/figcaption><\/figure>\n\t\t<\/div>\n\n<p>Chiar \u00een ziua \u00een care CT BUS a cedat l\u0103s\u00e2nd const\u0103n\u021benii pietoni, primarul \u00een func\u021bie al Constan\u021bei le-a adus aminte \u2033dragilor const\u0103n\u021beni\u2036, a\u0219a cum \u00eei nume\u0219te probabilmai ales pe cei care l-au votat, c\u0103 aniverseaz\u0103 un an de mandat \u00eempreun\u0103.<\/p>\n<p>\u2033Dragi const\u0103n\u021beni, a trecut 1 an de c\u00e2nd suntem \u00eempreun\u0103. A fost un an dens \u0219i aprig din multe puncte de vedere, \u00een care ne-am concentrat activitatea \u00een dou\u0103 direc\u021bii principale: munc\u0103 de organizare la interior \u0219i munc\u0103 de concep\u021bie \u0219i maturizare a marilor proiecte de care municipiul are urgent\u0103 nevoie. (&#8230;) Dragi prieteni, primul an de mandat a fost unul greu, nu ascund acest lucru. \u00cen acela\u0219i timp \u00eens\u0103, mi-a oferit garan\u021bia c\u0103 dac\u0103 r\u0103m\u00e2nem uni\u021bi \u0219i facem lucrurile a\u0219a cum am promis \u0219i a\u0219a cum trebuie, Constan\u021ba va redeveni un ora\u0219 cu adev\u0103rat puternic, din toate punctele de vedere. Lucrurile nu se pot schimba peste noapte, dar, dup\u0103 cum ve\u021bi observa, se mi\u0219c\u0103 \u00een direc\u021bia pe care ne-o dorim cu to\u021bii.\u2036, declam\u0103 primarul \u00een mesajul aniversar adresat const\u0103n\u021benilor. Edilul a \u00eencropit \u0219i o revist\u0103 cu a\u0219a-zisele sale realiz\u0103ri pe care le-a postat-o \u00eentr-un link celor interesa\u021bi s\u0103 o r\u0103sfoiasc\u0103. Dar paginile aranjate cu grij\u0103 ale bro\u0219urii nu au nicio leg\u0103tur\u0103 cu realitatea reflectat\u0103 de str\u0103zile Constan\u021bei.<\/p>\n<p>Mesajul plin de emfaz\u0103 al edilului, menit s\u0103 \u00eenduio\u0219eze p\u00e2n\u0103 \u0219i sufletele celor c\u0103rora nu l-au votat, nu a avut \u00eens\u0103 efectul scontat. Din reac\u021biile lor, cititorii nu par s\u0103 fi apreciat cuvintele \u0219i realiz\u0103rile \u00een\u0219iruite de edil cu ocazia mo\u021bului de mandat. \u2033Un an de calvar. Parc\u0103 au fost 10\u2036, spune un internaut, r\u0103u inten\u021bionat, desigur. \u2033Oamenii \u0219i-au pierdut \u00eencrederea nu pentru c\u0103 nu a\u021bi f\u0103cut mare lucru, ci mai ales pentru c\u0103 ce a\u021bi facut nu e bine! O politica de demolare \u00een mas\u0103 nu poate merge \u00een paralel cu planuri de reconstruire! (&#8230;) Cea mai mare insult\u0103 la adresa cet\u0103\u021benilor este legea parc\u0103rilor \u0219i bani cheltui\u021bi pe sute de indicatoare, tarifele exagerate \u0219i regulamentul \u00een sine, c\u00e2nd locurile de parcare sunt ori inexistente ori jalnice! Oamenii insulta\u021bi \u0219i batjocori\u021bi nu mai pot avea \u00eencredere \u0219i nu v\u0103 pot sus\u021bine!\u2036, spune o alt\u0103 const\u0103n\u021beanc\u0103 care nu rezoneaz\u0103 cu dispozi\u021bia edilului. \u2033Cea mai mare gre\u0219eal\u0103 este venirea ta la conducere.\u2036, \u2033Ce nevoie avem de acest raport? E de ajuns s\u0103 faci un tur al ora\u0219ului.\u2036, \u2033Ai fost la fel de activ ca la academie\u2036, sunt alte c\u00e2teva mesaje, iar o alt\u0103 const\u0103n\u021beanc\u0103 conchide \u2033Hai, pa!\u2036.<\/p>\n","protected":false},"excerpt":{"rendered":"<p>Chiar \u00een ziua \u00een care CT BUS a cedat l\u0103s\u00e2nd const\u0103n\u021benii pietoni, primarul \u00een func\u021bie al Constan\u021bei le-a adus aminte \u2033dragilor const\u0103n\u021beni\u2036, a\u0219a cum \u00eei<\/p>\n","protected":false},"author":1,"featured_media":3183,"comment_status":"open","ping_status":"open","sticky":false,"template":"","format":"standard","meta":{"footnotes":""},"categories":[18],"tags":[238,278,326,323],"class_list":["post-3182","post","type-post","status-publish","format-standard","has-post-thumbnail","hentry","category-administratie","tag-judetul-constanta","tag-primaria-constanta","tag-raport-de-activitate","tag-vergil-chitac"],"yoast_head":"<!-- This site is optimized with the Yoast SEO plugin v27.2 - https:\/\/yoast.com\/product\/yoast-seo-wordpress\/ -->\n<title>Ce i-au transmis \u201edragii const\u0103n\u021beni\u201d primarului la mo\u021bul de mandat - SALUT DOBROGEA!<\/title>\n<meta name=\"robots\" content=\"index, follow, max-snippet:-1, max-image-preview:large, max-video-preview:-1\" \/>\n<link rel=\"canonical\" href=\"https:\/\/salutdobrogea.ro\/index.php\/2021\/11\/01\/ce-i-au-transmis-dragii-constanteni-primarului-la-motul-de-mandat\/\" \/>\n<meta property=\"og:locale\" content=\"ro_RO\" \/>\n<meta property=\"og:type\" content=\"article\" \/>\n<meta property=\"og:title\" content=\"Ce i-au transmis \u201edragii const\u0103n\u021beni\u201d primarului la mo\u021bul de mandat - SALUT DOBROGEA!\" \/>\n<meta property=\"og:description\" content=\"Chiar \u00een ziua \u00een care CT BUS a cedat l\u0103s\u00e2nd const\u0103n\u021benii pietoni, primarul \u00een func\u021bie al Constan\u021bei le-a adus aminte \u2033dragilor const\u0103n\u021beni\u2036, a\u0219a cum \u00eei\" \/>\n<meta property=\"og:url\" content=\"https:\/\/salutdobrogea.ro\/index.php\/2021\/11\/01\/ce-i-au-transmis-dragii-constanteni-primarului-la-motul-de-mandat\/\" \/>\n<meta property=\"og:site_name\" content=\"SALUT DOBROGEA!\" \/>\n<meta property=\"article:publisher\" content=\"https:\/\/www.facebook.com\/Salut-Dobrogea-ziar-regional-109038338217571\" \/>\n<meta property=\"article:published_time\" content=\"2021-11-01T23:36:27+00:00\" \/>\n<meta property=\"og:image\" content=\"https:\/\/salutdobrogea.ro\/wp-content\/uploads\/2021\/11\/raport-chitac.jpg\" \/>\n\t<meta property=\"og:image:width\" content=\"1368\" \/>\n\t<meta property=\"og:image:height\" content=\"1008\" \/>\n\t<meta property=\"og:image:type\" content=\"image\/jpeg\" \/>\n<meta name=\"author\" content=\"admin\" \/>\n<meta name=\"twitter:card\" content=\"summary_large_image\" \/>\n<meta name=\"twitter:label1\" content=\"Scris de\" \/>\n\t<meta name=\"twitter:data1\" content=\"admin\" \/>\n\t<meta name=\"twitter:label2\" content=\"Timp estimat pentru citire\" \/>\n\t<meta name=\"twitter:data2\" content=\"2 minute\" \/>\n<script type=\"application\/ld+json\" class=\"yoast-schema-graph\">{\"@context\":\"https:\/\/schema.org\",\"@graph\":[{\"@type\":\"Article\",\"@id\":\"https:\/\/salutdobrogea.ro\/index.php\/2021\/11\/01\/ce-i-au-transmis-dragii-constanteni-primarului-la-motul-de-mandat\/#article\",\"isPartOf\":{\"@id\":\"https:\/\/salutdobrogea.ro\/index.php\/2021\/11\/01\/ce-i-au-transmis-dragii-constanteni-primarului-la-motul-de-mandat\/\"},\"author\":{\"name\":\"admin\",\"@id\":\"https:\/\/salutdobrogea.ro\/#\/schema\/person\/bbcddc03d690946f9e40b57dd55a08fa\"},\"headline\":\"Ce i-au transmis \u201edragii const\u0103n\u021beni\u201d primarului la mo\u021bul de mandat\",\"datePublished\":\"2021-11-01T23:36:27+00:00\",\"mainEntityOfPage\":{\"@id\":\"https:\/\/salutdobrogea.ro\/index.php\/2021\/11\/01\/ce-i-au-transmis-dragii-constanteni-primarului-la-motul-de-mandat\/\"},\"wordCount\":480,\"commentCount\":0,\"publisher\":{\"@id\":\"https:\/\/salutdobrogea.ro\/#organization\"},\"image\":{\"@id\":\"https:\/\/salutdobrogea.ro\/index.php\/2021\/11\/01\/ce-i-au-transmis-dragii-constanteni-primarului-la-motul-de-mandat\/#primaryimage\"},\"thumbnailUrl\":\"https:\/\/salutdobrogea.ro\/wp-content\/uploads\/2021\/11\/raport-chitac.jpg\",\"keywords\":[\"jude\u021bul Constan\u021ba\",\"Prim\u0103ria Constan\u021ba\",\"raport de activitate\",\"Vergil Chi\u021bac\"],\"articleSection\":[\"Administra\u021bie\"],\"inLanguage\":\"ro-RO\",\"potentialAction\":[{\"@type\":\"CommentAction\",\"name\":\"Comment\",\"target\":[\"https:\/\/salutdobrogea.ro\/index.php\/2021\/11\/01\/ce-i-au-transmis-dragii-constanteni-primarului-la-motul-de-mandat\/#respond\"]}]},{\"@type\":\"WebPage\",\"@id\":\"https:\/\/salutdobrogea.ro\/index.php\/2021\/11\/01\/ce-i-au-transmis-dragii-constanteni-primarului-la-motul-de-mandat\/\",\"url\":\"https:\/\/salutdobrogea.ro\/index.php\/2021\/11\/01\/ce-i-au-transmis-dragii-constanteni-primarului-la-motul-de-mandat\/\",\"name\":\"Ce i-au transmis \u201edragii const\u0103n\u021beni\u201d primarului la mo\u021bul de mandat - SALUT DOBROGEA!\",\"isPartOf\":{\"@id\":\"https:\/\/salutdobrogea.ro\/#website\"},\"primaryImageOfPage\":{\"@id\":\"https:\/\/salutdobrogea.ro\/index.php\/2021\/11\/01\/ce-i-au-transmis-dragii-constanteni-primarului-la-motul-de-mandat\/#primaryimage\"},\"image\":{\"@id\":\"https:\/\/salutdobrogea.ro\/index.php\/2021\/11\/01\/ce-i-au-transmis-dragii-constanteni-primarului-la-motul-de-mandat\/#primaryimage\"},\"thumbnailUrl\":\"https:\/\/salutdobrogea.ro\/wp-content\/uploads\/2021\/11\/raport-chitac.jpg\",\"datePublished\":\"2021-11-01T23:36:27+00:00\",\"breadcrumb\":{\"@id\":\"https:\/\/salutdobrogea.ro\/index.php\/2021\/11\/01\/ce-i-au-transmis-dragii-constanteni-primarului-la-motul-de-mandat\/#breadcrumb\"},\"inLanguage\":\"ro-RO\",\"potentialAction\":[{\"@type\":\"ReadAction\",\"target\":[\"https:\/\/salutdobrogea.ro\/index.php\/2021\/11\/01\/ce-i-au-transmis-dragii-constanteni-primarului-la-motul-de-mandat\/\"]}]},{\"@type\":\"ImageObject\",\"inLanguage\":\"ro-RO\",\"@id\":\"https:\/\/salutdobrogea.ro\/index.php\/2021\/11\/01\/ce-i-au-transmis-dragii-constanteni-primarului-la-motul-de-mandat\/#primaryimage\",\"url\":\"https:\/\/salutdobrogea.ro\/wp-content\/uploads\/2021\/11\/raport-chitac.jpg\",\"contentUrl\":\"https:\/\/salutdobrogea.ro\/wp-content\/uploads\/2021\/11\/raport-chitac.jpg\",\"width\":1368,\"height\":1008,\"caption\":\"A\u0219a arat\u0103 o pagin\u0103 din raportul primarului\"},{\"@type\":\"BreadcrumbList\",\"@id\":\"https:\/\/salutdobrogea.ro\/index.php\/2021\/11\/01\/ce-i-au-transmis-dragii-constanteni-primarului-la-motul-de-mandat\/#breadcrumb\",\"itemListElement\":[{\"@type\":\"ListItem\",\"position\":1,\"name\":\"Prima pagin\u0103\",\"item\":\"https:\/\/salutdobrogea.ro\/\"},{\"@type\":\"ListItem\",\"position\":2,\"name\":\"Ce i-au transmis \u201edragii const\u0103n\u021beni\u201d primarului la mo\u021bul de mandat\"}]},{\"@type\":\"WebSite\",\"@id\":\"https:\/\/salutdobrogea.ro\/#website\",\"url\":\"https:\/\/salutdobrogea.ro\/\",\"name\":\"SALUT DOBROGEA!\",\"description\":\"ziar de informare \u0219i atitudine\",\"publisher\":{\"@id\":\"https:\/\/salutdobrogea.ro\/#organization\"},\"potentialAction\":[{\"@type\":\"SearchAction\",\"target\":{\"@type\":\"EntryPoint\",\"urlTemplate\":\"https:\/\/salutdobrogea.ro\/?s={search_term_string}\"},\"query-input\":{\"@type\":\"PropertyValueSpecification\",\"valueRequired\":true,\"valueName\":\"search_term_string\"}}],\"inLanguage\":\"ro-RO\"},{\"@type\":\"Organization\",\"@id\":\"https:\/\/salutdobrogea.ro\/#organization\",\"name\":\"SALUT DOBROGEA!\",\"url\":\"https:\/\/salutdobrogea.ro\/\",\"logo\":{\"@type\":\"ImageObject\",\"inLanguage\":\"ro-RO\",\"@id\":\"https:\/\/salutdobrogea.ro\/#\/schema\/logo\/image\/\",\"url\":\"https:\/\/salutdobrogea.ro\/wp-content\/uploads\/2021\/09\/Logo-SD_Left-Dark.png\",\"contentUrl\":\"https:\/\/salutdobrogea.ro\/wp-content\/uploads\/2021\/09\/Logo-SD_Left-Dark.png\",\"width\":3978,\"height\":840,\"caption\":\"SALUT DOBROGEA!\"},\"image\":{\"@id\":\"https:\/\/salutdobrogea.ro\/#\/schema\/logo\/image\/\"},\"sameAs\":[\"https:\/\/www.facebook.com\/Salut-Dobrogea-ziar-regional-109038338217571\"]},{\"@type\":\"Person\",\"@id\":\"https:\/\/salutdobrogea.ro\/#\/schema\/person\/bbcddc03d690946f9e40b57dd55a08fa\",\"name\":\"admin\",\"image\":{\"@type\":\"ImageObject\",\"inLanguage\":\"ro-RO\",\"@id\":\"https:\/\/secure.gravatar.com\/avatar\/46f1f00f48c1d950f263e68956bca86a82b2ae8bece37a0ffe8ce76176036613?s=96&d=mm&r=g\",\"url\":\"https:\/\/secure.gravatar.com\/avatar\/46f1f00f48c1d950f263e68956bca86a82b2ae8bece37a0ffe8ce76176036613?s=96&d=mm&r=g\",\"contentUrl\":\"https:\/\/secure.gravatar.com\/avatar\/46f1f00f48c1d950f263e68956bca86a82b2ae8bece37a0ffe8ce76176036613?s=96&d=mm&r=g\",\"caption\":\"admin\"},\"sameAs\":[\"https:\/\/salutdobrogea.ro\"],\"url\":\"https:\/\/salutdobrogea.ro\/index.php\/author\/admin\/\"}]}<\/script>\n<!-- \/ Yoast SEO plugin. -->","yoast_head_json":{"title":"Ce i-au transmis \u201edragii const\u0103n\u021beni\u201d primarului la mo\u021bul de mandat - SALUT DOBROGEA!","robots":{"index":"index","follow":"follow","max-snippet":"max-snippet:-1","max-image-preview":"max-image-preview:large","max-video-preview":"max-video-preview:-1"},"canonical":"https:\/\/salutdobrogea.ro\/index.php\/2021\/11\/01\/ce-i-au-transmis-dragii-constanteni-primarului-la-motul-de-mandat\/","og_locale":"ro_RO","og_type":"article","og_title":"Ce i-au transmis \u201edragii const\u0103n\u021beni\u201d primarului la mo\u021bul de mandat - SALUT DOBROGEA!","og_description":"Chiar \u00een ziua \u00een care CT BUS a cedat l\u0103s\u00e2nd const\u0103n\u021benii pietoni, primarul \u00een func\u021bie al Constan\u021bei le-a adus aminte \u2033dragilor const\u0103n\u021beni\u2036, a\u0219a cum \u00eei","og_url":"https:\/\/salutdobrogea.ro\/index.php\/2021\/11\/01\/ce-i-au-transmis-dragii-constanteni-primarului-la-motul-de-mandat\/","og_site_name":"SALUT DOBROGEA!","article_publisher":"https:\/\/www.facebook.com\/Salut-Dobrogea-ziar-regional-109038338217571","article_published_time":"2021-11-01T23:36:27+00:00","og_image":[{"width":1368,"height":1008,"url":"https:\/\/salutdobrogea.ro\/wp-content\/uploads\/2021\/11\/raport-chitac.jpg","type":"image\/jpeg"}],"author":"admin","twitter_card":"summary_large_image","twitter_misc":{"Scris de":"admin","Timp estimat pentru citire":"2 minute"},"schema":{"@context":"https:\/\/schema.org","@graph":[{"@type":"Article","@id":"https:\/\/salutdobrogea.ro\/index.php\/2021\/11\/01\/ce-i-au-transmis-dragii-constanteni-primarului-la-motul-de-mandat\/#article","isPartOf":{"@id":"https:\/\/salutdobrogea.ro\/index.php\/2021\/11\/01\/ce-i-au-transmis-dragii-constanteni-primarului-la-motul-de-mandat\/"},"author":{"name":"admin","@id":"https:\/\/salutdobrogea.ro\/#\/schema\/person\/bbcddc03d690946f9e40b57dd55a08fa"},"headline":"Ce i-au transmis \u201edragii const\u0103n\u021beni\u201d primarului la mo\u021bul de mandat","datePublished":"2021-11-01T23:36:27+00:00","mainEntityOfPage":{"@id":"https:\/\/salutdobrogea.ro\/index.php\/2021\/11\/01\/ce-i-au-transmis-dragii-constanteni-primarului-la-motul-de-mandat\/"},"wordCount":480,"commentCount":0,"publisher":{"@id":"https:\/\/salutdobrogea.ro\/#organization"},"image":{"@id":"https:\/\/salutdobrogea.ro\/index.php\/2021\/11\/01\/ce-i-au-transmis-dragii-constanteni-primarului-la-motul-de-mandat\/#primaryimage"},"thumbnailUrl":"https:\/\/salutdobrogea.ro\/wp-content\/uploads\/2021\/11\/raport-chitac.jpg","keywords":["jude\u021bul Constan\u021ba","Prim\u0103ria Constan\u021ba","raport de activitate","Vergil Chi\u021bac"],"articleSection":["Administra\u021bie"],"inLanguage":"ro-RO","potentialAction":[{"@type":"CommentAction","name":"Comment","target":["https:\/\/salutdobrogea.ro\/index.php\/2021\/11\/01\/ce-i-au-transmis-dragii-constanteni-primarului-la-motul-de-mandat\/#respond"]}]},{"@type":"WebPage","@id":"https:\/\/salutdobrogea.ro\/index.php\/2021\/11\/01\/ce-i-au-transmis-dragii-constanteni-primarului-la-motul-de-mandat\/","url":"https:\/\/salutdobrogea.ro\/index.php\/2021\/11\/01\/ce-i-au-transmis-dragii-constanteni-primarului-la-motul-de-mandat\/","name":"Ce i-au transmis \u201edragii const\u0103n\u021beni\u201d primarului la mo\u021bul de mandat - SALUT DOBROGEA!","isPartOf":{"@id":"https:\/\/salutdobrogea.ro\/#website"},"primaryImageOfPage":{"@id":"https:\/\/salutdobrogea.ro\/index.php\/2021\/11\/01\/ce-i-au-transmis-dragii-constanteni-primarului-la-motul-de-mandat\/#primaryimage"},"image":{"@id":"https:\/\/salutdobrogea.ro\/index.php\/2021\/11\/01\/ce-i-au-transmis-dragii-constanteni-primarului-la-motul-de-mandat\/#primaryimage"},"thumbnailUrl":"https:\/\/salutdobrogea.ro\/wp-content\/uploads\/2021\/11\/raport-chitac.jpg","datePublished":"2021-11-01T23:36:27+00:00","breadcrumb":{"@id":"https:\/\/salutdobrogea.ro\/index.php\/2021\/11\/01\/ce-i-au-transmis-dragii-constanteni-primarului-la-motul-de-mandat\/#breadcrumb"},"inLanguage":"ro-RO","potentialAction":[{"@type":"ReadAction","target":["https:\/\/salutdobrogea.ro\/index.php\/2021\/11\/01\/ce-i-au-transmis-dragii-constanteni-primarului-la-motul-de-mandat\/"]}]},{"@type":"ImageObject","inLanguage":"ro-RO","@id":"https:\/\/salutdobrogea.ro\/index.php\/2021\/11\/01\/ce-i-au-transmis-dragii-constanteni-primarului-la-motul-de-mandat\/#primaryimage","url":"https:\/\/salutdobrogea.ro\/wp-content\/uploads\/2021\/11\/raport-chitac.jpg","contentUrl":"https:\/\/salutdobrogea.ro\/wp-content\/uploads\/2021\/11\/raport-chitac.jpg","width":1368,"height":1008,"caption":"A\u0219a arat\u0103 o pagin\u0103 din raportul primarului"},{"@type":"BreadcrumbList","@id":"https:\/\/salutdobrogea.ro\/index.php\/2021\/11\/01\/ce-i-au-transmis-dragii-constanteni-primarului-la-motul-de-mandat\/#breadcrumb","itemListElement":[{"@type":"ListItem","position":1,"name":"Prima pagin\u0103","item":"https:\/\/salutdobrogea.ro\/"},{"@type":"ListItem","position":2,"name":"Ce i-au transmis \u201edragii const\u0103n\u021beni\u201d primarului la mo\u021bul de mandat"}]},{"@type":"WebSite","@id":"https:\/\/salutdobrogea.ro\/#website","url":"https:\/\/salutdobrogea.ro\/","name":"SALUT DOBROGEA!","description":"ziar de informare \u0219i atitudine","publisher":{"@id":"https:\/\/salutdobrogea.ro\/#organization"},"potentialAction":[{"@type":"SearchAction","target":{"@type":"EntryPoint","urlTemplate":"https:\/\/salutdobrogea.ro\/?s={search_term_string}"},"query-input":{"@type":"PropertyValueSpecification","valueRequired":true,"valueName":"search_term_string"}}],"inLanguage":"ro-RO"},{"@type":"Organization","@id":"https:\/\/salutdobrogea.ro\/#organization","name":"SALUT DOBROGEA!","url":"https:\/\/salutdobrogea.ro\/","logo":{"@type":"ImageObject","inLanguage":"ro-RO","@id":"https:\/\/salutdobrogea.ro\/#\/schema\/logo\/image\/","url":"https:\/\/salutdobrogea.ro\/wp-content\/uploads\/2021\/09\/Logo-SD_Left-Dark.png","contentUrl":"https:\/\/salutdobrogea.ro\/wp-content\/uploads\/2021\/09\/Logo-SD_Left-Dark.png","width":3978,"height":840,"caption":"SALUT DOBROGEA!"},"image":{"@id":"https:\/\/salutdobrogea.ro\/#\/schema\/logo\/image\/"},"sameAs":["https:\/\/www.facebook.com\/Salut-Dobrogea-ziar-regional-109038338217571"]},{"@type":"Person","@id":"https:\/\/salutdobrogea.ro\/#\/schema\/person\/bbcddc03d690946f9e40b57dd55a08fa","name":"admin","image":{"@type":"ImageObject","inLanguage":"ro-RO","@id":"https:\/\/secure.gravatar.com\/avatar\/46f1f00f48c1d950f263e68956bca86a82b2ae8bece37a0ffe8ce76176036613?s=96&d=mm&r=g","url":"https:\/\/secure.gravatar.com\/avatar\/46f1f00f48c1d950f263e68956bca86a82b2ae8bece37a0ffe8ce76176036613?s=96&d=mm&r=g","contentUrl":"https:\/\/secure.gravatar.com\/avatar\/46f1f00f48c1d950f263e68956bca86a82b2ae8bece37a0ffe8ce76176036613?s=96&d=mm&r=g","caption":"admin"},"sameAs":["https:\/\/salutdobrogea.ro"],"url":"https:\/\/salutdobrogea.ro\/index.php\/author\/admin\/"}]}},"_links":{"self":[{"href":"https:\/\/salutdobrogea.ro\/index.php\/wp-json\/wp\/v2\/posts\/3182","targetHints":{"allow":["GET"]}}],"collection":[{"href":"https:\/\/salutdobrogea.ro\/index.php\/wp-json\/wp\/v2\/posts"}],"about":[{"href":"https:\/\/salutdobrogea.ro\/index.php\/wp-json\/wp\/v2\/types\/post"}],"author":[{"embeddable":true,"href":"https:\/\/salutdobrogea.ro\/index.php\/wp-json\/wp\/v2\/users\/1"}],"replies":[{"embeddable":true,"href":"https:\/\/salutdobrogea.ro\/index.php\/wp-json\/wp\/v2\/comments?post=3182"}],"version-history":[{"count":1,"href":"https:\/\/salutdobrogea.ro\/index.php\/wp-json\/wp\/v2\/posts\/3182\/revisions"}],"predecessor-version":[{"id":3184,"href":"https:\/\/salutdobrogea.ro\/index.php\/wp-json\/wp\/v2\/posts\/3182\/revisions\/3184"}],"wp:featuredmedia":[{"embeddable":true,"href":"https:\/\/salutdobrogea.ro\/index.php\/wp-json\/wp\/v2\/media\/3183"}],"wp:attachment":[{"href":"https:\/\/salutdobrogea.ro\/index.php\/wp-json\/wp\/v2\/media?parent=3182"}],"wp:term":[{"taxonomy":"category","embeddable":true,"href":"https:\/\/salutdobrogea.ro\/index.php\/wp-json\/wp\/v2\/categories?post=3182"},{"taxonomy":"post_tag","embeddable":true,"href":"https:\/\/salutdobrogea.ro\/index.php\/wp-json\/wp\/v2\/tags?post=3182"}],"curies":[{"name":"wp","href":"https:\/\/api.w.org\/{rel}","templated":true}]}}