{"id":11540,"date":"2026-09-02T14:13:29","date_gmt":"2026-09-02T14:13:29","guid":{"rendered":"https:\/\/salutdobrogea.ro\/?p=11540"},"modified":"2026-09-02T14:13:29","modified_gmt":"2026-09-02T14:13:29","slug":"mestesuguri-traditionale-la-muzeul-de-arta-populara-constanta","status":"publish","type":"post","link":"https:\/\/salutdobrogea.ro\/index.php\/2026\/09\/02\/mestesuguri-traditionale-la-muzeul-de-arta-populara-constanta\/","title":{"rendered":"Me\u0219te\u0219uguri tradi\u021bionale, la Muzeul de Art\u0103 Popular\u0103 Constan\u021ba"},"content":{"rendered":"<p><strong>\u00cen perioada 4-6 septembrie, Muzeul de Art\u0103 Popular\u0103 Constan\u021ba organizeaz\u0103 manifestarea \u201eMe\u0219te\u0219uguri tradi\u021bionale &#8211; utilitar \u0219i decorativ\u201d. <\/strong><\/p>\n<p>Scopul evenimentului este de a prezenta continuitatea \u0219i evolu\u021bia \u00een timp a unor me\u0219te\u0219uguri tradi\u021bionale, precum: \u021besut, cusut, brodat,\u00a0 prelucrarea lemnului, \u00eencondeierea ou\u0103lor, pictura pe sticl\u0103, ol\u0103ritul \u0219i confec\u021bionarea juc\u0103riilor din materiale textile.<\/p>\n<p>Portul tradi\u021bional \u0219i \u021bes\u0103turile din Bucovina vor fi reprezentate de Vera Andronic \u0219i Carmen Hison din localitatea sucevean\u0103 M\u0103n\u0103stirea Humorului. Tot din Bucovina, va veni la Constan\u021ba \u0219i Cristina Niga din satul Paltinu (jude\u021bul Suceava), localitate reprezentativ\u0103 pentru \u00eencondeierea ou\u0103lor. Me\u0219te\u0219ugul prelucr\u0103rii lemnului va fi adus \u00een aten\u021bia publicului de Cristian \u0219i Loredana Lep\u0103datu din localitatea B\u0103beni (jude\u021bul V\u00e2lcea). Cei doi vor fi prezen\u021bi pe platoul din fa\u021ba muzeului cu obiecte de uz gospod\u0103resc (linguri, g\u0103vane, platouri), piese de mic mobilier \u021b\u0103r\u0103nesc (scaune \u0219i mese cu trei picioare), juc\u0103rii tradi\u021bionale.<\/p>\n<p>La evenimentul organizat de Muzeul de Art\u0103 Popular\u0103 Constan\u021ba vor mai participa const\u0103n\u021bencele Daniela Dimancea (piese de port popular), Dorina Baias (piese de port, broderii \u0219i cus\u0103turi, podoabe), Doina Misian (linguri pictate), Elena Hariton (piese de port pentru copii, juc\u0103rii), Manuela Hule (l\u00e2n\u0103 \u00eemp\u00e2slit\u0103), Carmen Moraru (broderii tradi\u021bionale), Carmen Bulgaru (podoabe din m\u0103rgele), Laura Macri (icoane pictate pe sticl\u0103), Elena B\u0103l\u0103u (ceramic\u0103), Aurelia Cionga (icoane pictate pe sticl\u0103). Manifestare are loc \u00een intervalul orar 10.00-20.00.<\/p>\n<p>&nbsp;<\/p>\n","protected":false},"excerpt":{"rendered":"<p>\u00cen perioada 4-6 septembrie, Muzeul de Art\u0103 Popular\u0103 Constan\u021ba organizeaz\u0103 manifestarea \u201eMe\u0219te\u0219uguri tradi\u021bionale &#8211; utilitar \u0219i decorativ\u201d. Scopul evenimentului este de a prezenta continuitatea \u0219i<\/p>\n","protected":false},"author":3,"featured_media":11541,"comment_status":"open","ping_status":"closed","sticky":false,"template":"","format":"standard","meta":{"footnotes":""},"categories":[23],"tags":[2028,2026,2025,1223,2027,1345],"class_list":["post-11540","post","type-post","status-publish","format-standard","has-post-thumbnail","hentry","category-cultura","tag-decorativ","tag-mestesugari","tag-mestesuguri","tag-muzeul-de-arta-populara","tag-podoabe","tag-targ"],"yoast_head":"<!-- This site is optimized with the Yoast SEO plugin v27.9 - https:\/\/yoast.com\/product\/yoast-seo-wordpress\/ -->\n<title>Me\u0219te\u0219uguri tradi\u021bionale, la Muzeul de Art\u0103 Popular\u0103 Constan\u021ba - SALUT DOBROGEA!<\/title>\n<meta name=\"description\" content=\"\u00cen perioada 4-6 septembrie, Muzeul de Art\u0103 Popular\u0103 Constan\u021ba organizeaz\u0103 manifestarea \u201eMe\u0219te\u0219uguri tradi\u021bionale - utilitar \u0219i decorativ\u201d.\" \/>\n<meta name=\"robots\" content=\"index, follow, max-snippet:-1, max-image-preview:large, max-video-preview:-1\" \/>\n<link rel=\"canonical\" href=\"https:\/\/salutdobrogea.ro\/index.php\/2026\/09\/02\/mestesuguri-traditionale-la-muzeul-de-arta-populara-constanta\/\" \/>\n<meta property=\"og:locale\" content=\"ro_RO\" \/>\n<meta property=\"og:type\" content=\"article\" \/>\n<meta property=\"og:title\" content=\"Me\u0219te\u0219uguri tradi\u021bionale, la Muzeul de Art\u0103 Popular\u0103 Constan\u021ba - SALUT DOBROGEA!\" \/>\n<meta property=\"og:description\" content=\"\u00cen perioada 4-6 septembrie, Muzeul de Art\u0103 Popular\u0103 Constan\u021ba organizeaz\u0103 manifestarea \u201eMe\u0219te\u0219uguri tradi\u021bionale - utilitar \u0219i decorativ\u201d.\" \/>\n<meta property=\"og:url\" content=\"https:\/\/salutdobrogea.ro\/index.php\/2026\/09\/02\/mestesuguri-traditionale-la-muzeul-de-arta-populara-constanta\/\" \/>\n<meta property=\"og:site_name\" content=\"SALUT DOBROGEA!\" \/>\n<meta property=\"article:publisher\" content=\"https:\/\/www.facebook.com\/Salut-Dobrogea-ziar-regional-109038338217571\" \/>\n<meta property=\"article:published_time\" content=\"2026-09-02T14:13:29+00:00\" \/>\n<meta property=\"og:image\" content=\"https:\/\/salutdobrogea.ro\/wp-content\/uploads\/2026\/09\/Afis-Targ-Mestesuguri-traditionale-utilitar-si-decorativ-2026-scaled.jpg\" \/>\n\t<meta property=\"og:image:width\" content=\"1810\" \/>\n\t<meta property=\"og:image:height\" content=\"2560\" \/>\n\t<meta property=\"og:image:type\" content=\"image\/jpeg\" \/>\n<meta name=\"author\" content=\"Manuela\" \/>\n<meta name=\"twitter:card\" content=\"summary_large_image\" \/>\n<meta name=\"twitter:label1\" content=\"Scris de\" \/>\n\t<meta name=\"twitter:data1\" content=\"Manuela\" \/>\n\t<meta name=\"twitter:label2\" content=\"Timp estimat pentru citire\" \/>\n\t<meta name=\"twitter:data2\" content=\"2 minute\" \/>\n<script type=\"application\/ld+json\" class=\"yoast-schema-graph\">{\"@context\":\"https:\\\/\\\/schema.org\",\"@graph\":[{\"@type\":\"Article\",\"@id\":\"https:\\\/\\\/salutdobrogea.ro\\\/index.php\\\/2026\\\/09\\\/02\\\/mestesuguri-traditionale-la-muzeul-de-arta-populara-constanta\\\/#article\",\"isPartOf\":{\"@id\":\"https:\\\/\\\/salutdobrogea.ro\\\/index.php\\\/2026\\\/09\\\/02\\\/mestesuguri-traditionale-la-muzeul-de-arta-populara-constanta\\\/\"},\"author\":{\"name\":\"Manuela\",\"@id\":\"https:\\\/\\\/salutdobrogea.ro\\\/#\\\/schema\\\/person\\\/6152864c46cdd7823847958c4fc772e7\"},\"headline\":\"Me\u0219te\u0219uguri tradi\u021bionale, la Muzeul de Art\u0103 Popular\u0103 Constan\u021ba\",\"datePublished\":\"2026-09-02T14:13:29+00:00\",\"mainEntityOfPage\":{\"@id\":\"https:\\\/\\\/salutdobrogea.ro\\\/index.php\\\/2026\\\/09\\\/02\\\/mestesuguri-traditionale-la-muzeul-de-arta-populara-constanta\\\/\"},\"wordCount\":273,\"commentCount\":0,\"publisher\":{\"@id\":\"https:\\\/\\\/salutdobrogea.ro\\\/#organization\"},\"image\":{\"@id\":\"https:\\\/\\\/salutdobrogea.ro\\\/index.php\\\/2026\\\/09\\\/02\\\/mestesuguri-traditionale-la-muzeul-de-arta-populara-constanta\\\/#primaryimage\"},\"thumbnailUrl\":\"https:\\\/\\\/salutdobrogea.ro\\\/wp-content\\\/uploads\\\/2026\\\/09\\\/Afis-Targ-Mestesuguri-traditionale-utilitar-si-decorativ-2026-scaled.jpg\",\"keywords\":[\"decorativ\",\"me\u0219te\u0219ugari\",\"me\u0219te\u0219uguri\",\"Muzeul de Art\u0103 Popular\u0103\",\"podoabe\",\"t\u00e2rg\"],\"articleSection\":[\"Cultur\u0103\"],\"inLanguage\":\"ro-RO\",\"potentialAction\":[{\"@type\":\"CommentAction\",\"name\":\"Comment\",\"target\":[\"https:\\\/\\\/salutdobrogea.ro\\\/index.php\\\/2026\\\/09\\\/02\\\/mestesuguri-traditionale-la-muzeul-de-arta-populara-constanta\\\/#respond\"]}]},{\"@type\":\"WebPage\",\"@id\":\"https:\\\/\\\/salutdobrogea.ro\\\/index.php\\\/2026\\\/09\\\/02\\\/mestesuguri-traditionale-la-muzeul-de-arta-populara-constanta\\\/\",\"url\":\"https:\\\/\\\/salutdobrogea.ro\\\/index.php\\\/2026\\\/09\\\/02\\\/mestesuguri-traditionale-la-muzeul-de-arta-populara-constanta\\\/\",\"name\":\"Me\u0219te\u0219uguri tradi\u021bionale, la Muzeul de Art\u0103 Popular\u0103 Constan\u021ba - SALUT DOBROGEA!\",\"isPartOf\":{\"@id\":\"https:\\\/\\\/salutdobrogea.ro\\\/#website\"},\"primaryImageOfPage\":{\"@id\":\"https:\\\/\\\/salutdobrogea.ro\\\/index.php\\\/2026\\\/09\\\/02\\\/mestesuguri-traditionale-la-muzeul-de-arta-populara-constanta\\\/#primaryimage\"},\"image\":{\"@id\":\"https:\\\/\\\/salutdobrogea.ro\\\/index.php\\\/2026\\\/09\\\/02\\\/mestesuguri-traditionale-la-muzeul-de-arta-populara-constanta\\\/#primaryimage\"},\"thumbnailUrl\":\"https:\\\/\\\/salutdobrogea.ro\\\/wp-content\\\/uploads\\\/2026\\\/09\\\/Afis-Targ-Mestesuguri-traditionale-utilitar-si-decorativ-2026-scaled.jpg\",\"datePublished\":\"2026-09-02T14:13:29+00:00\",\"description\":\"\u00cen perioada 4-6 septembrie, Muzeul de Art\u0103 Popular\u0103 Constan\u021ba organizeaz\u0103 manifestarea \u201eMe\u0219te\u0219uguri tradi\u021bionale - utilitar \u0219i decorativ\u201d.\",\"breadcrumb\":{\"@id\":\"https:\\\/\\\/salutdobrogea.ro\\\/index.php\\\/2026\\\/09\\\/02\\\/mestesuguri-traditionale-la-muzeul-de-arta-populara-constanta\\\/#breadcrumb\"},\"inLanguage\":\"ro-RO\",\"potentialAction\":[{\"@type\":\"ReadAction\",\"target\":[\"https:\\\/\\\/salutdobrogea.ro\\\/index.php\\\/2026\\\/09\\\/02\\\/mestesuguri-traditionale-la-muzeul-de-arta-populara-constanta\\\/\"]}]},{\"@type\":\"ImageObject\",\"inLanguage\":\"ro-RO\",\"@id\":\"https:\\\/\\\/salutdobrogea.ro\\\/index.php\\\/2026\\\/09\\\/02\\\/mestesuguri-traditionale-la-muzeul-de-arta-populara-constanta\\\/#primaryimage\",\"url\":\"https:\\\/\\\/salutdobrogea.ro\\\/wp-content\\\/uploads\\\/2026\\\/09\\\/Afis-Targ-Mestesuguri-traditionale-utilitar-si-decorativ-2026-scaled.jpg\",\"contentUrl\":\"https:\\\/\\\/salutdobrogea.ro\\\/wp-content\\\/uploads\\\/2026\\\/09\\\/Afis-Targ-Mestesuguri-traditionale-utilitar-si-decorativ-2026-scaled.jpg\",\"width\":1810,\"height\":2560},{\"@type\":\"BreadcrumbList\",\"@id\":\"https:\\\/\\\/salutdobrogea.ro\\\/index.php\\\/2026\\\/09\\\/02\\\/mestesuguri-traditionale-la-muzeul-de-arta-populara-constanta\\\/#breadcrumb\",\"itemListElement\":[{\"@type\":\"ListItem\",\"position\":1,\"name\":\"Prima pagin\u0103\",\"item\":\"https:\\\/\\\/salutdobrogea.ro\\\/\"},{\"@type\":\"ListItem\",\"position\":2,\"name\":\"Me\u0219te\u0219uguri tradi\u021bionale, la Muzeul de Art\u0103 Popular\u0103 Constan\u021ba\"}]},{\"@type\":\"WebSite\",\"@id\":\"https:\\\/\\\/salutdobrogea.ro\\\/#website\",\"url\":\"https:\\\/\\\/salutdobrogea.ro\\\/\",\"name\":\"SALUT DOBROGEA!\",\"description\":\"ziar de informare \u0219i atitudine\",\"publisher\":{\"@id\":\"https:\\\/\\\/salutdobrogea.ro\\\/#organization\"},\"potentialAction\":[{\"@type\":\"SearchAction\",\"target\":{\"@type\":\"EntryPoint\",\"urlTemplate\":\"https:\\\/\\\/salutdobrogea.ro\\\/?s={search_term_string}\"},\"query-input\":{\"@type\":\"PropertyValueSpecification\",\"valueRequired\":true,\"valueName\":\"search_term_string\"}}],\"inLanguage\":\"ro-RO\"},{\"@type\":\"Organization\",\"@id\":\"https:\\\/\\\/salutdobrogea.ro\\\/#organization\",\"name\":\"SALUT DOBROGEA!\",\"url\":\"https:\\\/\\\/salutdobrogea.ro\\\/\",\"logo\":{\"@type\":\"ImageObject\",\"inLanguage\":\"ro-RO\",\"@id\":\"https:\\\/\\\/salutdobrogea.ro\\\/#\\\/schema\\\/logo\\\/image\\\/\",\"url\":\"https:\\\/\\\/salutdobrogea.ro\\\/wp-content\\\/uploads\\\/2021\\\/09\\\/Logo-SD_Left-Dark.png\",\"contentUrl\":\"https:\\\/\\\/salutdobrogea.ro\\\/wp-content\\\/uploads\\\/2021\\\/09\\\/Logo-SD_Left-Dark.png\",\"width\":3978,\"height\":840,\"caption\":\"SALUT DOBROGEA!\"},\"image\":{\"@id\":\"https:\\\/\\\/salutdobrogea.ro\\\/#\\\/schema\\\/logo\\\/image\\\/\"},\"sameAs\":[\"https:\\\/\\\/www.facebook.com\\\/Salut-Dobrogea-ziar-regional-109038338217571\"]},{\"@type\":\"Person\",\"@id\":\"https:\\\/\\\/salutdobrogea.ro\\\/#\\\/schema\\\/person\\\/6152864c46cdd7823847958c4fc772e7\",\"name\":\"Manuela\",\"image\":{\"@type\":\"ImageObject\",\"inLanguage\":\"ro-RO\",\"@id\":\"https:\\\/\\\/secure.gravatar.com\\\/avatar\\\/9847f1f2b090393f0d7d57ca39c4ff347bc909dc560d61356a9f599f9ef16172?s=96&d=mm&r=g\",\"url\":\"https:\\\/\\\/secure.gravatar.com\\\/avatar\\\/9847f1f2b090393f0d7d57ca39c4ff347bc909dc560d61356a9f599f9ef16172?s=96&d=mm&r=g\",\"contentUrl\":\"https:\\\/\\\/secure.gravatar.com\\\/avatar\\\/9847f1f2b090393f0d7d57ca39c4ff347bc909dc560d61356a9f599f9ef16172?s=96&d=mm&r=g\",\"caption\":\"Manuela\"},\"url\":\"https:\\\/\\\/salutdobrogea.ro\\\/index.php\\\/author\\\/manuela\\\/\"}]}<\/script>\n<!-- \/ Yoast SEO plugin. -->","yoast_head_json":{"title":"Me\u0219te\u0219uguri tradi\u021bionale, la Muzeul de Art\u0103 Popular\u0103 Constan\u021ba - SALUT DOBROGEA!","description":"\u00cen perioada 4-6 septembrie, Muzeul de Art\u0103 Popular\u0103 Constan\u021ba organizeaz\u0103 manifestarea \u201eMe\u0219te\u0219uguri tradi\u021bionale - utilitar \u0219i decorativ\u201d.","robots":{"index":"index","follow":"follow","max-snippet":"max-snippet:-1","max-image-preview":"max-image-preview:large","max-video-preview":"max-video-preview:-1"},"canonical":"https:\/\/salutdobrogea.ro\/index.php\/2026\/09\/02\/mestesuguri-traditionale-la-muzeul-de-arta-populara-constanta\/","og_locale":"ro_RO","og_type":"article","og_title":"Me\u0219te\u0219uguri tradi\u021bionale, la Muzeul de Art\u0103 Popular\u0103 Constan\u021ba - SALUT DOBROGEA!","og_description":"\u00cen perioada 4-6 septembrie, Muzeul de Art\u0103 Popular\u0103 Constan\u021ba organizeaz\u0103 manifestarea \u201eMe\u0219te\u0219uguri tradi\u021bionale - utilitar \u0219i decorativ\u201d.","og_url":"https:\/\/salutdobrogea.ro\/index.php\/2026\/09\/02\/mestesuguri-traditionale-la-muzeul-de-arta-populara-constanta\/","og_site_name":"SALUT DOBROGEA!","article_publisher":"https:\/\/www.facebook.com\/Salut-Dobrogea-ziar-regional-109038338217571","article_published_time":"2026-09-02T14:13:29+00:00","og_image":[{"width":1810,"height":2560,"url":"https:\/\/salutdobrogea.ro\/wp-content\/uploads\/2026\/09\/Afis-Targ-Mestesuguri-traditionale-utilitar-si-decorativ-2026-scaled.jpg","type":"image\/jpeg"}],"author":"Manuela","twitter_card":"summary_large_image","twitter_misc":{"Scris de":"Manuela","Timp estimat pentru citire":"2 minute"},"schema":{"@context":"https:\/\/schema.org","@graph":[{"@type":"Article","@id":"https:\/\/salutdobrogea.ro\/index.php\/2026\/09\/02\/mestesuguri-traditionale-la-muzeul-de-arta-populara-constanta\/#article","isPartOf":{"@id":"https:\/\/salutdobrogea.ro\/index.php\/2026\/09\/02\/mestesuguri-traditionale-la-muzeul-de-arta-populara-constanta\/"},"author":{"name":"Manuela","@id":"https:\/\/salutdobrogea.ro\/#\/schema\/person\/6152864c46cdd7823847958c4fc772e7"},"headline":"Me\u0219te\u0219uguri tradi\u021bionale, la Muzeul de Art\u0103 Popular\u0103 Constan\u021ba","datePublished":"2026-09-02T14:13:29+00:00","mainEntityOfPage":{"@id":"https:\/\/salutdobrogea.ro\/index.php\/2026\/09\/02\/mestesuguri-traditionale-la-muzeul-de-arta-populara-constanta\/"},"wordCount":273,"commentCount":0,"publisher":{"@id":"https:\/\/salutdobrogea.ro\/#organization"},"image":{"@id":"https:\/\/salutdobrogea.ro\/index.php\/2026\/09\/02\/mestesuguri-traditionale-la-muzeul-de-arta-populara-constanta\/#primaryimage"},"thumbnailUrl":"https:\/\/salutdobrogea.ro\/wp-content\/uploads\/2026\/09\/Afis-Targ-Mestesuguri-traditionale-utilitar-si-decorativ-2026-scaled.jpg","keywords":["decorativ","me\u0219te\u0219ugari","me\u0219te\u0219uguri","Muzeul de Art\u0103 Popular\u0103","podoabe","t\u00e2rg"],"articleSection":["Cultur\u0103"],"inLanguage":"ro-RO","potentialAction":[{"@type":"CommentAction","name":"Comment","target":["https:\/\/salutdobrogea.ro\/index.php\/2026\/09\/02\/mestesuguri-traditionale-la-muzeul-de-arta-populara-constanta\/#respond"]}]},{"@type":"WebPage","@id":"https:\/\/salutdobrogea.ro\/index.php\/2026\/09\/02\/mestesuguri-traditionale-la-muzeul-de-arta-populara-constanta\/","url":"https:\/\/salutdobrogea.ro\/index.php\/2026\/09\/02\/mestesuguri-traditionale-la-muzeul-de-arta-populara-constanta\/","name":"Me\u0219te\u0219uguri tradi\u021bionale, la Muzeul de Art\u0103 Popular\u0103 Constan\u021ba - SALUT DOBROGEA!","isPartOf":{"@id":"https:\/\/salutdobrogea.ro\/#website"},"primaryImageOfPage":{"@id":"https:\/\/salutdobrogea.ro\/index.php\/2026\/09\/02\/mestesuguri-traditionale-la-muzeul-de-arta-populara-constanta\/#primaryimage"},"image":{"@id":"https:\/\/salutdobrogea.ro\/index.php\/2026\/09\/02\/mestesuguri-traditionale-la-muzeul-de-arta-populara-constanta\/#primaryimage"},"thumbnailUrl":"https:\/\/salutdobrogea.ro\/wp-content\/uploads\/2026\/09\/Afis-Targ-Mestesuguri-traditionale-utilitar-si-decorativ-2026-scaled.jpg","datePublished":"2026-09-02T14:13:29+00:00","description":"\u00cen perioada 4-6 septembrie, Muzeul de Art\u0103 Popular\u0103 Constan\u021ba organizeaz\u0103 manifestarea \u201eMe\u0219te\u0219uguri tradi\u021bionale - utilitar \u0219i decorativ\u201d.","breadcrumb":{"@id":"https:\/\/salutdobrogea.ro\/index.php\/2026\/09\/02\/mestesuguri-traditionale-la-muzeul-de-arta-populara-constanta\/#breadcrumb"},"inLanguage":"ro-RO","potentialAction":[{"@type":"ReadAction","target":["https:\/\/salutdobrogea.ro\/index.php\/2026\/09\/02\/mestesuguri-traditionale-la-muzeul-de-arta-populara-constanta\/"]}]},{"@type":"ImageObject","inLanguage":"ro-RO","@id":"https:\/\/salutdobrogea.ro\/index.php\/2026\/09\/02\/mestesuguri-traditionale-la-muzeul-de-arta-populara-constanta\/#primaryimage","url":"https:\/\/salutdobrogea.ro\/wp-content\/uploads\/2026\/09\/Afis-Targ-Mestesuguri-traditionale-utilitar-si-decorativ-2026-scaled.jpg","contentUrl":"https:\/\/salutdobrogea.ro\/wp-content\/uploads\/2026\/09\/Afis-Targ-Mestesuguri-traditionale-utilitar-si-decorativ-2026-scaled.jpg","width":1810,"height":2560},{"@type":"BreadcrumbList","@id":"https:\/\/salutdobrogea.ro\/index.php\/2026\/09\/02\/mestesuguri-traditionale-la-muzeul-de-arta-populara-constanta\/#breadcrumb","itemListElement":[{"@type":"ListItem","position":1,"name":"Prima pagin\u0103","item":"https:\/\/salutdobrogea.ro\/"},{"@type":"ListItem","position":2,"name":"Me\u0219te\u0219uguri tradi\u021bionale, la Muzeul de Art\u0103 Popular\u0103 Constan\u021ba"}]},{"@type":"WebSite","@id":"https:\/\/salutdobrogea.ro\/#website","url":"https:\/\/salutdobrogea.ro\/","name":"SALUT DOBROGEA!","description":"ziar de informare \u0219i atitudine","publisher":{"@id":"https:\/\/salutdobrogea.ro\/#organization"},"potentialAction":[{"@type":"SearchAction","target":{"@type":"EntryPoint","urlTemplate":"https:\/\/salutdobrogea.ro\/?s={search_term_string}"},"query-input":{"@type":"PropertyValueSpecification","valueRequired":true,"valueName":"search_term_string"}}],"inLanguage":"ro-RO"},{"@type":"Organization","@id":"https:\/\/salutdobrogea.ro\/#organization","name":"SALUT DOBROGEA!","url":"https:\/\/salutdobrogea.ro\/","logo":{"@type":"ImageObject","inLanguage":"ro-RO","@id":"https:\/\/salutdobrogea.ro\/#\/schema\/logo\/image\/","url":"https:\/\/salutdobrogea.ro\/wp-content\/uploads\/2021\/09\/Logo-SD_Left-Dark.png","contentUrl":"https:\/\/salutdobrogea.ro\/wp-content\/uploads\/2021\/09\/Logo-SD_Left-Dark.png","width":3978,"height":840,"caption":"SALUT DOBROGEA!"},"image":{"@id":"https:\/\/salutdobrogea.ro\/#\/schema\/logo\/image\/"},"sameAs":["https:\/\/www.facebook.com\/Salut-Dobrogea-ziar-regional-109038338217571"]},{"@type":"Person","@id":"https:\/\/salutdobrogea.ro\/#\/schema\/person\/6152864c46cdd7823847958c4fc772e7","name":"Manuela","image":{"@type":"ImageObject","inLanguage":"ro-RO","@id":"https:\/\/secure.gravatar.com\/avatar\/9847f1f2b090393f0d7d57ca39c4ff347bc909dc560d61356a9f599f9ef16172?s=96&d=mm&r=g","url":"https:\/\/secure.gravatar.com\/avatar\/9847f1f2b090393f0d7d57ca39c4ff347bc909dc560d61356a9f599f9ef16172?s=96&d=mm&r=g","contentUrl":"https:\/\/secure.gravatar.com\/avatar\/9847f1f2b090393f0d7d57ca39c4ff347bc909dc560d61356a9f599f9ef16172?s=96&d=mm&r=g","caption":"Manuela"},"url":"https:\/\/salutdobrogea.ro\/index.php\/author\/manuela\/"}]}},"_links":{"self":[{"href":"https:\/\/salutdobrogea.ro\/index.php\/wp-json\/wp\/v2\/posts\/11540","targetHints":{"allow":["GET"]}}],"collection":[{"href":"https:\/\/salutdobrogea.ro\/index.php\/wp-json\/wp\/v2\/posts"}],"about":[{"href":"https:\/\/salutdobrogea.ro\/index.php\/wp-json\/wp\/v2\/types\/post"}],"author":[{"embeddable":true,"href":"https:\/\/salutdobrogea.ro\/index.php\/wp-json\/wp\/v2\/users\/3"}],"replies":[{"embeddable":true,"href":"https:\/\/salutdobrogea.ro\/index.php\/wp-json\/wp\/v2\/comments?post=11540"}],"version-history":[{"count":1,"href":"https:\/\/salutdobrogea.ro\/index.php\/wp-json\/wp\/v2\/posts\/11540\/revisions"}],"predecessor-version":[{"id":11542,"href":"https:\/\/salutdobrogea.ro\/index.php\/wp-json\/wp\/v2\/posts\/11540\/revisions\/11542"}],"wp:featuredmedia":[{"embeddable":true,"href":"https:\/\/salutdobrogea.ro\/index.php\/wp-json\/wp\/v2\/media\/11541"}],"wp:attachment":[{"href":"https:\/\/salutdobrogea.ro\/index.php\/wp-json\/wp\/v2\/media?parent=11540"}],"wp:term":[{"taxonomy":"category","embeddable":true,"href":"https:\/\/salutdobrogea.ro\/index.php\/wp-json\/wp\/v2\/categories?post=11540"},{"taxonomy":"post_tag","embeddable":true,"href":"https:\/\/salutdobrogea.ro\/index.php\/wp-json\/wp\/v2\/tags?post=11540"}],"curies":[{"name":"wp","href":"https:\/\/api.w.org\/{rel}","templated":true}]}}