{"id":11047,"date":"2026-04-27T14:14:41","date_gmt":"2026-04-27T14:14:41","guid":{"rendered":"https:\/\/salutdobrogea.ro\/?p=11047"},"modified":"2026-04-27T14:14:41","modified_gmt":"2026-04-27T14:14:41","slug":"concerte-in-minivacanta-mayfest-pe-faleza-ivan-patzaichin-la-tulcea","status":"publish","type":"post","link":"https:\/\/salutdobrogea.ro\/index.php\/2026\/04\/27\/concerte-in-minivacanta-mayfest-pe-faleza-ivan-patzaichin-la-tulcea\/","title":{"rendered":"Concerte \u00een minivacan\u021b\u0103: MayFest pe Faleza \u201eIvan Patzaichin\u201d, la Tulcea"},"content":{"rendered":"<p><strong>\u00a0<\/strong><strong>S\u0103rb\u0103tore\u0219te \u00eenceputul lunii mai pe una dintre cele mai frumoase faleze ale Rom\u00e2niei: Faleza \u201eIvan Patzaichin\u201d Tulcea va g\u0103zdui, \u00een perioada 30 aprilie &#8211; 3 mai, prima edi\u021bie a MayFest, un eveniment dedicat tulcenilor, dar \u0219i turi\u0219tilor a\u0219tepta\u021bi s\u0103 petreac\u0103 debutul sezonului turistic la Tulcea. <\/strong><\/p>\n<p>Spectacolele vor fi deschise cu un flashmob organizat joi, 30 aprilie, \u00eencep\u00e2nd cu ora 18.00, pentru a marca Ziua Dansului. Evenimentul va continua pe ritmurile muzicii mixate de Ioni, care va urca pe scena de pe falez\u0103 \u00eencep\u00e2nd cu ora 19.30.<\/p>\n<p>Vineri, 1 mai 2026, deschiderea oficial\u0103 va avea loc la ora 19.30, dup\u0103 care pe scena tulcean\u0103 vor performa micii arti\u0219ti ai Ansamblului Folcloric \u201eDorule\u021bul\u201c, Aurel Sava, Andrei Moroianu \u0219i Emilian.<\/p>\n<p>Pe data de 2 mai, tot de la 19.30, pe scena amplasat\u0103 pe faleza din Tulcea vor urca Ansamblul Folcloric \u201eDanubius\u201c \u0219i Ionela Marica\u0219. Seara se \u00eencheie cu un inedit concert oferit de rockerii de la Taylor.<\/p>\n<p>Duminic\u0103, 3 mai, de la 19.30, ve\u021bi avea parte de spectacole oferite de Ansamblul Artistic Profesionist \u201eBaladele Deltei\u201c, Selatin Kiazim \u0219i Mario.<\/p>\n<p>Evenimentul este organizat cu sprijinul Consiliului Jude\u021bean Tulcea.<\/p>\n","protected":false},"excerpt":{"rendered":"<p>\u00a0S\u0103rb\u0103tore\u0219te \u00eenceputul lunii mai pe una dintre cele mai frumoase faleze ale Rom\u00e2niei: Faleza \u201eIvan Patzaichin\u201d Tulcea va g\u0103zdui, \u00een perioada 30 aprilie &#8211; 3<\/p>\n","protected":false},"author":3,"featured_media":11048,"comment_status":"open","ping_status":"closed","sticky":false,"template":"","format":"standard","meta":{"footnotes":""},"categories":[16],"tags":[1915,1050,356,1925,1926,359],"class_list":["post-11047","post","type-post","status-publish","format-standard","has-post-thumbnail","hentry","category-actualitate","tag-1-mai","tag-concerte","tag-consiliul-judetean-tulcea","tag-faleza-ivan-patzaichin","tag-minivacanta","tag-tulcea"],"yoast_head":"<!-- This site is optimized with the Yoast SEO plugin v27.2 - https:\/\/yoast.com\/product\/yoast-seo-wordpress\/ -->\n<title>Concerte \u00een minivacan\u021b\u0103: MayFest pe Faleza \u201eIvan Patzaichin\u201d, la Tulcea - SALUT DOBROGEA!<\/title>\n<meta name=\"description\" content=\"Faleza \u201eIvan Patzaichin\u201d Tulcea va g\u0103zdui, \u00eentre 30 aprilie - 3 mai, prima edi\u021bie MayFest, eveniment dedicat tulcenilor, dar \u0219i turi\u0219tilor..\" \/>\n<meta name=\"robots\" content=\"index, follow, max-snippet:-1, max-image-preview:large, max-video-preview:-1\" \/>\n<link rel=\"canonical\" href=\"https:\/\/salutdobrogea.ro\/index.php\/2026\/04\/27\/concerte-in-minivacanta-mayfest-pe-faleza-ivan-patzaichin-la-tulcea\/\" \/>\n<meta property=\"og:locale\" content=\"ro_RO\" \/>\n<meta property=\"og:type\" content=\"article\" \/>\n<meta property=\"og:title\" content=\"Concerte \u00een minivacan\u021b\u0103: MayFest pe Faleza \u201eIvan Patzaichin\u201d, la Tulcea - SALUT DOBROGEA!\" \/>\n<meta property=\"og:description\" content=\"Faleza \u201eIvan Patzaichin\u201d Tulcea va g\u0103zdui, \u00eentre 30 aprilie - 3 mai, prima edi\u021bie MayFest, eveniment dedicat tulcenilor, dar \u0219i turi\u0219tilor..\" \/>\n<meta property=\"og:url\" content=\"https:\/\/salutdobrogea.ro\/index.php\/2026\/04\/27\/concerte-in-minivacanta-mayfest-pe-faleza-ivan-patzaichin-la-tulcea\/\" \/>\n<meta property=\"og:site_name\" content=\"SALUT DOBROGEA!\" \/>\n<meta property=\"article:publisher\" content=\"https:\/\/www.facebook.com\/Salut-Dobrogea-ziar-regional-109038338217571\" \/>\n<meta property=\"article:published_time\" content=\"2026-04-27T14:14:41+00:00\" \/>\n<meta property=\"og:image\" content=\"https:\/\/salutdobrogea.ro\/wp-content\/uploads\/2026\/04\/1-Mai-Tulcea.jpg\" \/>\n\t<meta property=\"og:image:width\" content=\"1600\" \/>\n\t<meta property=\"og:image:height\" content=\"1593\" \/>\n\t<meta property=\"og:image:type\" content=\"image\/jpeg\" \/>\n<meta name=\"author\" content=\"Manuela\" \/>\n<meta name=\"twitter:card\" content=\"summary_large_image\" \/>\n<meta name=\"twitter:label1\" content=\"Scris de\" \/>\n\t<meta name=\"twitter:data1\" content=\"Manuela\" \/>\n\t<meta name=\"twitter:label2\" content=\"Timp estimat pentru citire\" \/>\n\t<meta name=\"twitter:data2\" content=\"2 minute\" \/>\n<script type=\"application\/ld+json\" class=\"yoast-schema-graph\">{\"@context\":\"https:\/\/schema.org\",\"@graph\":[{\"@type\":\"Article\",\"@id\":\"https:\/\/salutdobrogea.ro\/index.php\/2026\/04\/27\/concerte-in-minivacanta-mayfest-pe-faleza-ivan-patzaichin-la-tulcea\/#article\",\"isPartOf\":{\"@id\":\"https:\/\/salutdobrogea.ro\/index.php\/2026\/04\/27\/concerte-in-minivacanta-mayfest-pe-faleza-ivan-patzaichin-la-tulcea\/\"},\"author\":{\"name\":\"Manuela\",\"@id\":\"https:\/\/salutdobrogea.ro\/#\/schema\/person\/6152864c46cdd7823847958c4fc772e7\"},\"headline\":\"Concerte \u00een minivacan\u021b\u0103: MayFest pe Faleza \u201eIvan Patzaichin\u201d, la Tulcea\",\"datePublished\":\"2026-04-27T14:14:41+00:00\",\"mainEntityOfPage\":{\"@id\":\"https:\/\/salutdobrogea.ro\/index.php\/2026\/04\/27\/concerte-in-minivacanta-mayfest-pe-faleza-ivan-patzaichin-la-tulcea\/\"},\"wordCount\":197,\"commentCount\":0,\"publisher\":{\"@id\":\"https:\/\/salutdobrogea.ro\/#organization\"},\"image\":{\"@id\":\"https:\/\/salutdobrogea.ro\/index.php\/2026\/04\/27\/concerte-in-minivacanta-mayfest-pe-faleza-ivan-patzaichin-la-tulcea\/#primaryimage\"},\"thumbnailUrl\":\"https:\/\/salutdobrogea.ro\/wp-content\/uploads\/2026\/04\/1-Mai-Tulcea.jpg\",\"keywords\":[\"1 Mai\",\"concerte\",\"Consiliul Jude\u021bean Tulcea\",\"Faleza Ivan Patzaichin\",\"minivacan\u021b\u0103\",\"Tulcea\"],\"articleSection\":[\"Actualitate\"],\"inLanguage\":\"ro-RO\",\"potentialAction\":[{\"@type\":\"CommentAction\",\"name\":\"Comment\",\"target\":[\"https:\/\/salutdobrogea.ro\/index.php\/2026\/04\/27\/concerte-in-minivacanta-mayfest-pe-faleza-ivan-patzaichin-la-tulcea\/#respond\"]}]},{\"@type\":\"WebPage\",\"@id\":\"https:\/\/salutdobrogea.ro\/index.php\/2026\/04\/27\/concerte-in-minivacanta-mayfest-pe-faleza-ivan-patzaichin-la-tulcea\/\",\"url\":\"https:\/\/salutdobrogea.ro\/index.php\/2026\/04\/27\/concerte-in-minivacanta-mayfest-pe-faleza-ivan-patzaichin-la-tulcea\/\",\"name\":\"Concerte \u00een minivacan\u021b\u0103: MayFest pe Faleza \u201eIvan Patzaichin\u201d, la Tulcea - SALUT DOBROGEA!\",\"isPartOf\":{\"@id\":\"https:\/\/salutdobrogea.ro\/#website\"},\"primaryImageOfPage\":{\"@id\":\"https:\/\/salutdobrogea.ro\/index.php\/2026\/04\/27\/concerte-in-minivacanta-mayfest-pe-faleza-ivan-patzaichin-la-tulcea\/#primaryimage\"},\"image\":{\"@id\":\"https:\/\/salutdobrogea.ro\/index.php\/2026\/04\/27\/concerte-in-minivacanta-mayfest-pe-faleza-ivan-patzaichin-la-tulcea\/#primaryimage\"},\"thumbnailUrl\":\"https:\/\/salutdobrogea.ro\/wp-content\/uploads\/2026\/04\/1-Mai-Tulcea.jpg\",\"datePublished\":\"2026-04-27T14:14:41+00:00\",\"description\":\"Faleza \u201eIvan Patzaichin\u201d Tulcea va g\u0103zdui, \u00eentre 30 aprilie - 3 mai, prima edi\u021bie MayFest, eveniment dedicat tulcenilor, dar \u0219i turi\u0219tilor..\",\"breadcrumb\":{\"@id\":\"https:\/\/salutdobrogea.ro\/index.php\/2026\/04\/27\/concerte-in-minivacanta-mayfest-pe-faleza-ivan-patzaichin-la-tulcea\/#breadcrumb\"},\"inLanguage\":\"ro-RO\",\"potentialAction\":[{\"@type\":\"ReadAction\",\"target\":[\"https:\/\/salutdobrogea.ro\/index.php\/2026\/04\/27\/concerte-in-minivacanta-mayfest-pe-faleza-ivan-patzaichin-la-tulcea\/\"]}]},{\"@type\":\"ImageObject\",\"inLanguage\":\"ro-RO\",\"@id\":\"https:\/\/salutdobrogea.ro\/index.php\/2026\/04\/27\/concerte-in-minivacanta-mayfest-pe-faleza-ivan-patzaichin-la-tulcea\/#primaryimage\",\"url\":\"https:\/\/salutdobrogea.ro\/wp-content\/uploads\/2026\/04\/1-Mai-Tulcea.jpg\",\"contentUrl\":\"https:\/\/salutdobrogea.ro\/wp-content\/uploads\/2026\/04\/1-Mai-Tulcea.jpg\",\"width\":1600,\"height\":1593},{\"@type\":\"BreadcrumbList\",\"@id\":\"https:\/\/salutdobrogea.ro\/index.php\/2026\/04\/27\/concerte-in-minivacanta-mayfest-pe-faleza-ivan-patzaichin-la-tulcea\/#breadcrumb\",\"itemListElement\":[{\"@type\":\"ListItem\",\"position\":1,\"name\":\"Prima pagin\u0103\",\"item\":\"https:\/\/salutdobrogea.ro\/\"},{\"@type\":\"ListItem\",\"position\":2,\"name\":\"Concerte \u00een minivacan\u021b\u0103: MayFest pe Faleza \u201eIvan Patzaichin\u201d, la Tulcea\"}]},{\"@type\":\"WebSite\",\"@id\":\"https:\/\/salutdobrogea.ro\/#website\",\"url\":\"https:\/\/salutdobrogea.ro\/\",\"name\":\"SALUT DOBROGEA!\",\"description\":\"ziar de informare \u0219i atitudine\",\"publisher\":{\"@id\":\"https:\/\/salutdobrogea.ro\/#organization\"},\"potentialAction\":[{\"@type\":\"SearchAction\",\"target\":{\"@type\":\"EntryPoint\",\"urlTemplate\":\"https:\/\/salutdobrogea.ro\/?s={search_term_string}\"},\"query-input\":{\"@type\":\"PropertyValueSpecification\",\"valueRequired\":true,\"valueName\":\"search_term_string\"}}],\"inLanguage\":\"ro-RO\"},{\"@type\":\"Organization\",\"@id\":\"https:\/\/salutdobrogea.ro\/#organization\",\"name\":\"SALUT DOBROGEA!\",\"url\":\"https:\/\/salutdobrogea.ro\/\",\"logo\":{\"@type\":\"ImageObject\",\"inLanguage\":\"ro-RO\",\"@id\":\"https:\/\/salutdobrogea.ro\/#\/schema\/logo\/image\/\",\"url\":\"https:\/\/salutdobrogea.ro\/wp-content\/uploads\/2021\/09\/Logo-SD_Left-Dark.png\",\"contentUrl\":\"https:\/\/salutdobrogea.ro\/wp-content\/uploads\/2021\/09\/Logo-SD_Left-Dark.png\",\"width\":3978,\"height\":840,\"caption\":\"SALUT DOBROGEA!\"},\"image\":{\"@id\":\"https:\/\/salutdobrogea.ro\/#\/schema\/logo\/image\/\"},\"sameAs\":[\"https:\/\/www.facebook.com\/Salut-Dobrogea-ziar-regional-109038338217571\"]},{\"@type\":\"Person\",\"@id\":\"https:\/\/salutdobrogea.ro\/#\/schema\/person\/6152864c46cdd7823847958c4fc772e7\",\"name\":\"Manuela\",\"image\":{\"@type\":\"ImageObject\",\"inLanguage\":\"ro-RO\",\"@id\":\"https:\/\/secure.gravatar.com\/avatar\/9847f1f2b090393f0d7d57ca39c4ff347bc909dc560d61356a9f599f9ef16172?s=96&d=mm&r=g\",\"url\":\"https:\/\/secure.gravatar.com\/avatar\/9847f1f2b090393f0d7d57ca39c4ff347bc909dc560d61356a9f599f9ef16172?s=96&d=mm&r=g\",\"contentUrl\":\"https:\/\/secure.gravatar.com\/avatar\/9847f1f2b090393f0d7d57ca39c4ff347bc909dc560d61356a9f599f9ef16172?s=96&d=mm&r=g\",\"caption\":\"Manuela\"},\"url\":\"https:\/\/salutdobrogea.ro\/index.php\/author\/manuela\/\"}]}<\/script>\n<!-- \/ Yoast SEO plugin. -->","yoast_head_json":{"title":"Concerte \u00een minivacan\u021b\u0103: MayFest pe Faleza \u201eIvan Patzaichin\u201d, la Tulcea - SALUT DOBROGEA!","description":"Faleza \u201eIvan Patzaichin\u201d Tulcea va g\u0103zdui, \u00eentre 30 aprilie - 3 mai, prima edi\u021bie MayFest, eveniment dedicat tulcenilor, dar \u0219i turi\u0219tilor..","robots":{"index":"index","follow":"follow","max-snippet":"max-snippet:-1","max-image-preview":"max-image-preview:large","max-video-preview":"max-video-preview:-1"},"canonical":"https:\/\/salutdobrogea.ro\/index.php\/2026\/04\/27\/concerte-in-minivacanta-mayfest-pe-faleza-ivan-patzaichin-la-tulcea\/","og_locale":"ro_RO","og_type":"article","og_title":"Concerte \u00een minivacan\u021b\u0103: MayFest pe Faleza \u201eIvan Patzaichin\u201d, la Tulcea - SALUT DOBROGEA!","og_description":"Faleza \u201eIvan Patzaichin\u201d Tulcea va g\u0103zdui, \u00eentre 30 aprilie - 3 mai, prima edi\u021bie MayFest, eveniment dedicat tulcenilor, dar \u0219i turi\u0219tilor..","og_url":"https:\/\/salutdobrogea.ro\/index.php\/2026\/04\/27\/concerte-in-minivacanta-mayfest-pe-faleza-ivan-patzaichin-la-tulcea\/","og_site_name":"SALUT DOBROGEA!","article_publisher":"https:\/\/www.facebook.com\/Salut-Dobrogea-ziar-regional-109038338217571","article_published_time":"2026-04-27T14:14:41+00:00","og_image":[{"width":1600,"height":1593,"url":"https:\/\/salutdobrogea.ro\/wp-content\/uploads\/2026\/04\/1-Mai-Tulcea.jpg","type":"image\/jpeg"}],"author":"Manuela","twitter_card":"summary_large_image","twitter_misc":{"Scris de":"Manuela","Timp estimat pentru citire":"2 minute"},"schema":{"@context":"https:\/\/schema.org","@graph":[{"@type":"Article","@id":"https:\/\/salutdobrogea.ro\/index.php\/2026\/04\/27\/concerte-in-minivacanta-mayfest-pe-faleza-ivan-patzaichin-la-tulcea\/#article","isPartOf":{"@id":"https:\/\/salutdobrogea.ro\/index.php\/2026\/04\/27\/concerte-in-minivacanta-mayfest-pe-faleza-ivan-patzaichin-la-tulcea\/"},"author":{"name":"Manuela","@id":"https:\/\/salutdobrogea.ro\/#\/schema\/person\/6152864c46cdd7823847958c4fc772e7"},"headline":"Concerte \u00een minivacan\u021b\u0103: MayFest pe Faleza \u201eIvan Patzaichin\u201d, la Tulcea","datePublished":"2026-04-27T14:14:41+00:00","mainEntityOfPage":{"@id":"https:\/\/salutdobrogea.ro\/index.php\/2026\/04\/27\/concerte-in-minivacanta-mayfest-pe-faleza-ivan-patzaichin-la-tulcea\/"},"wordCount":197,"commentCount":0,"publisher":{"@id":"https:\/\/salutdobrogea.ro\/#organization"},"image":{"@id":"https:\/\/salutdobrogea.ro\/index.php\/2026\/04\/27\/concerte-in-minivacanta-mayfest-pe-faleza-ivan-patzaichin-la-tulcea\/#primaryimage"},"thumbnailUrl":"https:\/\/salutdobrogea.ro\/wp-content\/uploads\/2026\/04\/1-Mai-Tulcea.jpg","keywords":["1 Mai","concerte","Consiliul Jude\u021bean Tulcea","Faleza Ivan Patzaichin","minivacan\u021b\u0103","Tulcea"],"articleSection":["Actualitate"],"inLanguage":"ro-RO","potentialAction":[{"@type":"CommentAction","name":"Comment","target":["https:\/\/salutdobrogea.ro\/index.php\/2026\/04\/27\/concerte-in-minivacanta-mayfest-pe-faleza-ivan-patzaichin-la-tulcea\/#respond"]}]},{"@type":"WebPage","@id":"https:\/\/salutdobrogea.ro\/index.php\/2026\/04\/27\/concerte-in-minivacanta-mayfest-pe-faleza-ivan-patzaichin-la-tulcea\/","url":"https:\/\/salutdobrogea.ro\/index.php\/2026\/04\/27\/concerte-in-minivacanta-mayfest-pe-faleza-ivan-patzaichin-la-tulcea\/","name":"Concerte \u00een minivacan\u021b\u0103: MayFest pe Faleza \u201eIvan Patzaichin\u201d, la Tulcea - SALUT DOBROGEA!","isPartOf":{"@id":"https:\/\/salutdobrogea.ro\/#website"},"primaryImageOfPage":{"@id":"https:\/\/salutdobrogea.ro\/index.php\/2026\/04\/27\/concerte-in-minivacanta-mayfest-pe-faleza-ivan-patzaichin-la-tulcea\/#primaryimage"},"image":{"@id":"https:\/\/salutdobrogea.ro\/index.php\/2026\/04\/27\/concerte-in-minivacanta-mayfest-pe-faleza-ivan-patzaichin-la-tulcea\/#primaryimage"},"thumbnailUrl":"https:\/\/salutdobrogea.ro\/wp-content\/uploads\/2026\/04\/1-Mai-Tulcea.jpg","datePublished":"2026-04-27T14:14:41+00:00","description":"Faleza \u201eIvan Patzaichin\u201d Tulcea va g\u0103zdui, \u00eentre 30 aprilie - 3 mai, prima edi\u021bie MayFest, eveniment dedicat tulcenilor, dar \u0219i turi\u0219tilor..","breadcrumb":{"@id":"https:\/\/salutdobrogea.ro\/index.php\/2026\/04\/27\/concerte-in-minivacanta-mayfest-pe-faleza-ivan-patzaichin-la-tulcea\/#breadcrumb"},"inLanguage":"ro-RO","potentialAction":[{"@type":"ReadAction","target":["https:\/\/salutdobrogea.ro\/index.php\/2026\/04\/27\/concerte-in-minivacanta-mayfest-pe-faleza-ivan-patzaichin-la-tulcea\/"]}]},{"@type":"ImageObject","inLanguage":"ro-RO","@id":"https:\/\/salutdobrogea.ro\/index.php\/2026\/04\/27\/concerte-in-minivacanta-mayfest-pe-faleza-ivan-patzaichin-la-tulcea\/#primaryimage","url":"https:\/\/salutdobrogea.ro\/wp-content\/uploads\/2026\/04\/1-Mai-Tulcea.jpg","contentUrl":"https:\/\/salutdobrogea.ro\/wp-content\/uploads\/2026\/04\/1-Mai-Tulcea.jpg","width":1600,"height":1593},{"@type":"BreadcrumbList","@id":"https:\/\/salutdobrogea.ro\/index.php\/2026\/04\/27\/concerte-in-minivacanta-mayfest-pe-faleza-ivan-patzaichin-la-tulcea\/#breadcrumb","itemListElement":[{"@type":"ListItem","position":1,"name":"Prima pagin\u0103","item":"https:\/\/salutdobrogea.ro\/"},{"@type":"ListItem","position":2,"name":"Concerte \u00een minivacan\u021b\u0103: MayFest pe Faleza \u201eIvan Patzaichin\u201d, la Tulcea"}]},{"@type":"WebSite","@id":"https:\/\/salutdobrogea.ro\/#website","url":"https:\/\/salutdobrogea.ro\/","name":"SALUT DOBROGEA!","description":"ziar de informare \u0219i atitudine","publisher":{"@id":"https:\/\/salutdobrogea.ro\/#organization"},"potentialAction":[{"@type":"SearchAction","target":{"@type":"EntryPoint","urlTemplate":"https:\/\/salutdobrogea.ro\/?s={search_term_string}"},"query-input":{"@type":"PropertyValueSpecification","valueRequired":true,"valueName":"search_term_string"}}],"inLanguage":"ro-RO"},{"@type":"Organization","@id":"https:\/\/salutdobrogea.ro\/#organization","name":"SALUT DOBROGEA!","url":"https:\/\/salutdobrogea.ro\/","logo":{"@type":"ImageObject","inLanguage":"ro-RO","@id":"https:\/\/salutdobrogea.ro\/#\/schema\/logo\/image\/","url":"https:\/\/salutdobrogea.ro\/wp-content\/uploads\/2021\/09\/Logo-SD_Left-Dark.png","contentUrl":"https:\/\/salutdobrogea.ro\/wp-content\/uploads\/2021\/09\/Logo-SD_Left-Dark.png","width":3978,"height":840,"caption":"SALUT DOBROGEA!"},"image":{"@id":"https:\/\/salutdobrogea.ro\/#\/schema\/logo\/image\/"},"sameAs":["https:\/\/www.facebook.com\/Salut-Dobrogea-ziar-regional-109038338217571"]},{"@type":"Person","@id":"https:\/\/salutdobrogea.ro\/#\/schema\/person\/6152864c46cdd7823847958c4fc772e7","name":"Manuela","image":{"@type":"ImageObject","inLanguage":"ro-RO","@id":"https:\/\/secure.gravatar.com\/avatar\/9847f1f2b090393f0d7d57ca39c4ff347bc909dc560d61356a9f599f9ef16172?s=96&d=mm&r=g","url":"https:\/\/secure.gravatar.com\/avatar\/9847f1f2b090393f0d7d57ca39c4ff347bc909dc560d61356a9f599f9ef16172?s=96&d=mm&r=g","contentUrl":"https:\/\/secure.gravatar.com\/avatar\/9847f1f2b090393f0d7d57ca39c4ff347bc909dc560d61356a9f599f9ef16172?s=96&d=mm&r=g","caption":"Manuela"},"url":"https:\/\/salutdobrogea.ro\/index.php\/author\/manuela\/"}]}},"_links":{"self":[{"href":"https:\/\/salutdobrogea.ro\/index.php\/wp-json\/wp\/v2\/posts\/11047","targetHints":{"allow":["GET"]}}],"collection":[{"href":"https:\/\/salutdobrogea.ro\/index.php\/wp-json\/wp\/v2\/posts"}],"about":[{"href":"https:\/\/salutdobrogea.ro\/index.php\/wp-json\/wp\/v2\/types\/post"}],"author":[{"embeddable":true,"href":"https:\/\/salutdobrogea.ro\/index.php\/wp-json\/wp\/v2\/users\/3"}],"replies":[{"embeddable":true,"href":"https:\/\/salutdobrogea.ro\/index.php\/wp-json\/wp\/v2\/comments?post=11047"}],"version-history":[{"count":1,"href":"https:\/\/salutdobrogea.ro\/index.php\/wp-json\/wp\/v2\/posts\/11047\/revisions"}],"predecessor-version":[{"id":11049,"href":"https:\/\/salutdobrogea.ro\/index.php\/wp-json\/wp\/v2\/posts\/11047\/revisions\/11049"}],"wp:featuredmedia":[{"embeddable":true,"href":"https:\/\/salutdobrogea.ro\/index.php\/wp-json\/wp\/v2\/media\/11048"}],"wp:attachment":[{"href":"https:\/\/salutdobrogea.ro\/index.php\/wp-json\/wp\/v2\/media?parent=11047"}],"wp:term":[{"taxonomy":"category","embeddable":true,"href":"https:\/\/salutdobrogea.ro\/index.php\/wp-json\/wp\/v2\/categories?post=11047"},{"taxonomy":"post_tag","embeddable":true,"href":"https:\/\/salutdobrogea.ro\/index.php\/wp-json\/wp\/v2\/tags?post=11047"}],"curies":[{"name":"wp","href":"https:\/\/api.w.org\/{rel}","templated":true}]}}