{"id":10661,"date":"2025-11-25T09:36:47","date_gmt":"2025-11-25T09:36:47","guid":{"rendered":"https:\/\/salutdobrogea.ro\/?p=10661"},"modified":"2025-11-25T11:41:58","modified_gmt":"2025-11-25T11:41:58","slug":"seara-de-poezie-la-medgidia","status":"publish","type":"post","link":"https:\/\/salutdobrogea.ro\/index.php\/2025\/11\/25\/seara-de-poezie-la-medgidia\/","title":{"rendered":"Sear\u0103 de poezie, la Medgidia"},"content":{"rendered":"\t\t<div data-elementor-type=\"wp-post\" data-elementor-id=\"10661\" class=\"elementor elementor-10661\">\n\t\t\t\t\t\t<section class=\"elementor-section elementor-top-section elementor-element elementor-element-4d940307 elementor-section-boxed elementor-section-height-default elementor-section-height-default\" data-id=\"4d940307\" data-element_type=\"section\" data-e-type=\"section\">\n\t\t\t\t\t\t<div class=\"elementor-container elementor-column-gap-default\">\n\t\t\t\t\t<div class=\"elementor-column elementor-col-100 elementor-top-column elementor-element elementor-element-759d14f8\" data-id=\"759d14f8\" data-element_type=\"column\" data-e-type=\"column\">\n\t\t\t<div class=\"elementor-widget-wrap elementor-element-populated\">\n\t\t\t\t\t\t<div class=\"elementor-element elementor-element-683346ce elementor-widget elementor-widget-text-editor\" data-id=\"683346ce\" data-element_type=\"widget\" data-e-type=\"widget\" data-widget_type=\"text-editor.default\">\n\t\t\t\t<div class=\"elementor-widget-container\">\n\t\t\t\t\t\t\t\t\t<p><strong>La Casa de Cultur\u0103 ,,I.N. Roman\u201d din Medgidia au loc ast\u0103zi dou\u0103 evenimente culturale. Trei volume de poezie vor fi lansate \u00een prezen\u021ba cititorilor.<\/strong><\/p><p>Primul eveniment o are ca amfitrioan\u0103 pe Rodica Lakatos, membr\u0103 a \u201eWorld Poets Association\u201d. Poeta va lansa volumul \u201eInvita\u021bie la o cafea\u201d \u00een prezen\u021ba mai multor oaspe\u021bi, poe\u021bi \u0219i scriitori: Trandafir S\u00eempetru, Costel Avr\u0103mescu, Mircea Marcel Petcu, Nata\u0219a Peteu, Gabriel Constantin \u0219i Olga Grigorov. Evenimentul va avea loc la bibliotec\u0103, iar accesul este gratuit.<\/p><p>Cea de-a doua autoare care se va \u00eent\u00e2lni cu cititorii este poeta C\u0103t\u0103lina Claudia Nedelea. Lansarea volumelor de poezii \u201eOmule&#8230; tu\u201d \u0219i \u201ePelerin&#8230; spre altarul sufletului meu\u201d va avea loc \u00een sala de spectacole a Casei de Cultur\u0103 \u201eI.N. Roman\u201d.Primul eveniment o are ca amfitrioan\u0103 pe Rodica Lakatos, membr\u0103 a \u201eWorld Poets Association\u201d. Poeta va lansa volumul \u201eInvita\u021bie la o cafea\u201d \u00een prezen\u021ba mai multor oaspe\u021bi, poe\u021bi \u0219i scriitori: Trandafir S\u00eempetru, Costel Avr\u0103mescu, Mircea Marcel Petcu, Nata\u0219a Peteu, Gabriel Constantin \u0219i Olga Grigorov. Evenimentul va avea loc la bibliotec\u0103, iar accesul este gratuit.<\/p><p>Cea de-a doua autoare care se va \u00eent\u00e2lni cu cititorii este poeta C\u0103t\u0103lina Claudia Nedelea. Lansarea volumelor de poezii \u201eOmule&#8230; tu\u201d \u0219i \u201ePelerin&#8230; spre altarul sufletului meu\u201d va avea loc \u00een sala de spectacole a Casei de Cultur\u0103 \u201eI.N. Roman\u201d.<\/p>\t\t\t\t\t\t\t\t<\/div>\n\t\t\t\t<\/div>\n\t\t\t\t\t<\/div>\n\t\t<\/div>\n\t\t\t\t\t<\/div>\n\t\t<\/section>\n\t\t\t\t<section class=\"elementor-section elementor-top-section elementor-element elementor-element-4d845ff elementor-section-boxed elementor-section-height-default elementor-section-height-default\" data-id=\"4d845ff\" data-element_type=\"section\" data-e-type=\"section\">\n\t\t\t\t\t\t<div class=\"elementor-container elementor-column-gap-default\">\n\t\t\t\t\t<div class=\"elementor-column elementor-col-100 elementor-top-column elementor-element elementor-element-46d8caf\" data-id=\"46d8caf\" data-element_type=\"column\" data-e-type=\"column\">\n\t\t\t<div class=\"elementor-widget-wrap elementor-element-populated\">\n\t\t\t\t\t\t<div class=\"elementor-element elementor-element-967a090 elementor-arrows-position-inside elementor-pagination-position-outside elementor-widget elementor-widget-image-carousel\" data-id=\"967a090\" data-element_type=\"widget\" data-e-type=\"widget\" data-settings=\"{&quot;navigation&quot;:&quot;both&quot;,&quot;autoplay&quot;:&quot;yes&quot;,&quot;pause_on_hover&quot;:&quot;yes&quot;,&quot;pause_on_interaction&quot;:&quot;yes&quot;,&quot;autoplay_speed&quot;:5000,&quot;infinite&quot;:&quot;yes&quot;,&quot;speed&quot;:500}\" data-widget_type=\"image-carousel.default\">\n\t\t\t\t<div class=\"elementor-widget-container\">\n\t\t\t\t\t\t\t<div class=\"elementor-image-carousel-wrapper swiper\" role=\"region\" aria-roledescription=\"carousel\" aria-label=\"Carusel de imagini\" dir=\"ltr\">\n\t\t\t<div class=\"elementor-image-carousel swiper-wrapper\" aria-live=\"off\">\n\t\t\t\t\t\t\t\t<div class=\"swiper-slide\" role=\"group\" aria-roledescription=\"slide\" aria-label=\"1 din 2\"><a data-elementor-open-lightbox=\"yes\" data-elementor-lightbox-slideshow=\"967a090\" data-elementor-lightbox-title=\"lansare carte 2\" data-e-action-hash=\"#elementor-action%3Aaction%3Dlightbox%26settings%3DeyJpZCI6MTA2NjIsInVybCI6Imh0dHBzOlwvXC9zYWx1dGRvYnJvZ2VhLnJvXC93cC1jb250ZW50XC91cGxvYWRzXC8yMDI1XC8xMVwvbGFuc2FyZS1jYXJ0ZS0yLmpwZyIsInNsaWRlc2hvdyI6Ijk2N2EwOTAifQ%3D%3D\" href=\"https:\/\/salutdobrogea.ro\/wp-content\/uploads\/2025\/11\/lansare-carte-2.jpg\"><figure class=\"swiper-slide-inner\"><img decoding=\"async\" class=\"swiper-slide-image\" src=\"https:\/\/salutdobrogea.ro\/wp-content\/uploads\/2025\/11\/lansare-carte-2-150x150.jpg\" alt=\"lansare carte 2\" \/><\/figure><\/a><\/div><div class=\"swiper-slide\" role=\"group\" aria-roledescription=\"slide\" aria-label=\"2 din 2\"><a data-elementor-open-lightbox=\"yes\" data-elementor-lightbox-slideshow=\"967a090\" data-elementor-lightbox-title=\"lansare carte 1\" data-e-action-hash=\"#elementor-action%3Aaction%3Dlightbox%26settings%3DeyJpZCI6MTA2NjcsInVybCI6Imh0dHBzOlwvXC9zYWx1dGRvYnJvZ2VhLnJvXC93cC1jb250ZW50XC91cGxvYWRzXC8yMDI1XC8xMVwvbGFuc2FyZS1jYXJ0ZS0xLmpwZyIsInNsaWRlc2hvdyI6Ijk2N2EwOTAifQ%3D%3D\" href=\"https:\/\/salutdobrogea.ro\/wp-content\/uploads\/2025\/11\/lansare-carte-1.jpg\"><figure class=\"swiper-slide-inner\"><img decoding=\"async\" class=\"swiper-slide-image\" src=\"https:\/\/salutdobrogea.ro\/wp-content\/uploads\/2025\/11\/lansare-carte-1-150x150.jpg\" alt=\"lansare carte 1\" \/><\/figure><\/a><\/div>\t\t\t<\/div>\n\t\t\t\t\t\t\t\t\t\t\t\t<div class=\"elementor-swiper-button elementor-swiper-button-prev\" role=\"button\" tabindex=\"0\">\n\t\t\t\t\t\t<i aria-hidden=\"true\" class=\"eicon-chevron-left\"><\/i>\t\t\t\t\t<\/div>\n\t\t\t\t\t<div class=\"elementor-swiper-button elementor-swiper-button-next\" role=\"button\" tabindex=\"0\">\n\t\t\t\t\t\t<i aria-hidden=\"true\" class=\"eicon-chevron-right\"><\/i>\t\t\t\t\t<\/div>\n\t\t\t\t\n\t\t\t\t\t\t\t\t\t<div class=\"swiper-pagination\"><\/div>\n\t\t\t\t\t\t\t\t\t<\/div>\n\t\t\t\t\t\t<\/div>\n\t\t\t\t<\/div>\n\t\t\t\t\t<\/div>\n\t\t<\/div>\n\t\t\t\t\t<\/div>\n\t\t<\/section>\n\t\t\t\t<\/div>\n\t\t","protected":false},"excerpt":{"rendered":"<p>La Casa de Cultur\u0103 ,,I.N. Roman\u201d din Medgidia au loc ast\u0103zi dou\u0103 evenimente culturale. Trei volume de poezie vor fi lansate \u00een prezen\u021ba cititorilor. Primul<\/p>\n","protected":false},"author":3,"featured_media":10672,"comment_status":"open","ping_status":"closed","sticky":false,"template":"","format":"standard","meta":{"footnotes":""},"categories":[520],"tags":[975,582,1862,1863,477,517,425,1861],"class_list":["post-10661","post","type-post","status-publish","format-standard","has-post-thumbnail","hentry","category-salut-medgidia","tag-biblioteca","tag-casa-de-cultura-ioan-n-roman-medgidia","tag-catalina-claudia-nedelea","tag-cititori","tag-lansare-de-carte","tag-medgidia","tag-poezie","tag-rodica-lakatos"],"yoast_head":"<!-- This site is optimized with the Yoast SEO plugin v27.2 - https:\/\/yoast.com\/product\/yoast-seo-wordpress\/ -->\n<title>Sear\u0103 de poezie, la Medgidia - SALUT DOBROGEA!<\/title>\n<meta name=\"description\" content=\"La Casa de Cultur\u0103 ,,I.N. Roman\u201d Medgidia au loc dou\u0103 evenimente culturale: trei volume de poezie vor fi lansate \u00een prezen\u021ba cititorilor.\" \/>\n<meta name=\"robots\" content=\"index, follow, max-snippet:-1, max-image-preview:large, max-video-preview:-1\" \/>\n<link rel=\"canonical\" href=\"https:\/\/salutdobrogea.ro\/index.php\/2025\/11\/25\/seara-de-poezie-la-medgidia\/\" \/>\n<meta property=\"og:locale\" content=\"ro_RO\" \/>\n<meta property=\"og:type\" content=\"article\" \/>\n<meta property=\"og:title\" content=\"Sear\u0103 de poezie, la Medgidia - SALUT DOBROGEA!\" \/>\n<meta property=\"og:description\" content=\"La Casa de Cultur\u0103 ,,I.N. Roman\u201d Medgidia au loc dou\u0103 evenimente culturale: trei volume de poezie vor fi lansate \u00een prezen\u021ba cititorilor.\" \/>\n<meta property=\"og:url\" content=\"https:\/\/salutdobrogea.ro\/index.php\/2025\/11\/25\/seara-de-poezie-la-medgidia\/\" \/>\n<meta property=\"og:site_name\" content=\"SALUT DOBROGEA!\" \/>\n<meta property=\"article:publisher\" content=\"https:\/\/www.facebook.com\/Salut-Dobrogea-ziar-regional-109038338217571\" \/>\n<meta property=\"article:published_time\" content=\"2025-11-25T09:36:47+00:00\" \/>\n<meta property=\"article:modified_time\" content=\"2025-11-25T11:41:58+00:00\" \/>\n<meta property=\"og:image\" content=\"https:\/\/salutdobrogea.ro\/wp-content\/uploads\/2025\/11\/poza-deschidere.jpg\" \/>\n\t<meta property=\"og:image:width\" content=\"1369\" \/>\n\t<meta property=\"og:image:height\" content=\"813\" \/>\n\t<meta property=\"og:image:type\" content=\"image\/jpeg\" \/>\n<meta name=\"author\" content=\"Manuela\" \/>\n<meta name=\"twitter:card\" content=\"summary_large_image\" \/>\n<meta name=\"twitter:label1\" content=\"Scris de\" \/>\n\t<meta name=\"twitter:data1\" content=\"Manuela\" \/>\n\t<meta name=\"twitter:label2\" content=\"Timp estimat pentru citire\" \/>\n\t<meta name=\"twitter:data2\" content=\"2 minute\" \/>\n<script type=\"application\/ld+json\" class=\"yoast-schema-graph\">{\"@context\":\"https:\/\/schema.org\",\"@graph\":[{\"@type\":\"Article\",\"@id\":\"https:\/\/salutdobrogea.ro\/index.php\/2025\/11\/25\/seara-de-poezie-la-medgidia\/#article\",\"isPartOf\":{\"@id\":\"https:\/\/salutdobrogea.ro\/index.php\/2025\/11\/25\/seara-de-poezie-la-medgidia\/\"},\"author\":{\"name\":\"Manuela\",\"@id\":\"https:\/\/salutdobrogea.ro\/#\/schema\/person\/6152864c46cdd7823847958c4fc772e7\"},\"headline\":\"Sear\u0103 de poezie, la Medgidia\",\"datePublished\":\"2025-11-25T09:36:47+00:00\",\"dateModified\":\"2025-11-25T11:41:58+00:00\",\"mainEntityOfPage\":{\"@id\":\"https:\/\/salutdobrogea.ro\/index.php\/2025\/11\/25\/seara-de-poezie-la-medgidia\/\"},\"wordCount\":245,\"commentCount\":0,\"publisher\":{\"@id\":\"https:\/\/salutdobrogea.ro\/#organization\"},\"image\":{\"@id\":\"https:\/\/salutdobrogea.ro\/index.php\/2025\/11\/25\/seara-de-poezie-la-medgidia\/#primaryimage\"},\"thumbnailUrl\":\"https:\/\/salutdobrogea.ro\/wp-content\/uploads\/2025\/11\/poza-deschidere.jpg\",\"keywords\":[\"bibliotec\u0103\",\"Casa de Cultur\u0103 Ioan N Roman Medgidia\",\"C\u0103t\u0103lina Claudia Nedelea\",\"cititori\",\"lansare de carte\",\"Medgidia\",\"poezie\",\"Rodica Lakatos\"],\"articleSection\":[\"Salut, Medgidia!\"],\"inLanguage\":\"ro-RO\",\"potentialAction\":[{\"@type\":\"CommentAction\",\"name\":\"Comment\",\"target\":[\"https:\/\/salutdobrogea.ro\/index.php\/2025\/11\/25\/seara-de-poezie-la-medgidia\/#respond\"]}]},{\"@type\":\"WebPage\",\"@id\":\"https:\/\/salutdobrogea.ro\/index.php\/2025\/11\/25\/seara-de-poezie-la-medgidia\/\",\"url\":\"https:\/\/salutdobrogea.ro\/index.php\/2025\/11\/25\/seara-de-poezie-la-medgidia\/\",\"name\":\"Sear\u0103 de poezie, la Medgidia - SALUT DOBROGEA!\",\"isPartOf\":{\"@id\":\"https:\/\/salutdobrogea.ro\/#website\"},\"primaryImageOfPage\":{\"@id\":\"https:\/\/salutdobrogea.ro\/index.php\/2025\/11\/25\/seara-de-poezie-la-medgidia\/#primaryimage\"},\"image\":{\"@id\":\"https:\/\/salutdobrogea.ro\/index.php\/2025\/11\/25\/seara-de-poezie-la-medgidia\/#primaryimage\"},\"thumbnailUrl\":\"https:\/\/salutdobrogea.ro\/wp-content\/uploads\/2025\/11\/poza-deschidere.jpg\",\"datePublished\":\"2025-11-25T09:36:47+00:00\",\"dateModified\":\"2025-11-25T11:41:58+00:00\",\"description\":\"La Casa de Cultur\u0103 ,,I.N. Roman\u201d Medgidia au loc dou\u0103 evenimente culturale: trei volume de poezie vor fi lansate \u00een prezen\u021ba cititorilor.\",\"breadcrumb\":{\"@id\":\"https:\/\/salutdobrogea.ro\/index.php\/2025\/11\/25\/seara-de-poezie-la-medgidia\/#breadcrumb\"},\"inLanguage\":\"ro-RO\",\"potentialAction\":[{\"@type\":\"ReadAction\",\"target\":[\"https:\/\/salutdobrogea.ro\/index.php\/2025\/11\/25\/seara-de-poezie-la-medgidia\/\"]}]},{\"@type\":\"ImageObject\",\"inLanguage\":\"ro-RO\",\"@id\":\"https:\/\/salutdobrogea.ro\/index.php\/2025\/11\/25\/seara-de-poezie-la-medgidia\/#primaryimage\",\"url\":\"https:\/\/salutdobrogea.ro\/wp-content\/uploads\/2025\/11\/poza-deschidere.jpg\",\"contentUrl\":\"https:\/\/salutdobrogea.ro\/wp-content\/uploads\/2025\/11\/poza-deschidere.jpg\",\"width\":1369,\"height\":813},{\"@type\":\"BreadcrumbList\",\"@id\":\"https:\/\/salutdobrogea.ro\/index.php\/2025\/11\/25\/seara-de-poezie-la-medgidia\/#breadcrumb\",\"itemListElement\":[{\"@type\":\"ListItem\",\"position\":1,\"name\":\"Prima pagin\u0103\",\"item\":\"https:\/\/salutdobrogea.ro\/\"},{\"@type\":\"ListItem\",\"position\":2,\"name\":\"Sear\u0103 de poezie, la Medgidia\"}]},{\"@type\":\"WebSite\",\"@id\":\"https:\/\/salutdobrogea.ro\/#website\",\"url\":\"https:\/\/salutdobrogea.ro\/\",\"name\":\"SALUT DOBROGEA!\",\"description\":\"ziar de informare \u0219i atitudine\",\"publisher\":{\"@id\":\"https:\/\/salutdobrogea.ro\/#organization\"},\"potentialAction\":[{\"@type\":\"SearchAction\",\"target\":{\"@type\":\"EntryPoint\",\"urlTemplate\":\"https:\/\/salutdobrogea.ro\/?s={search_term_string}\"},\"query-input\":{\"@type\":\"PropertyValueSpecification\",\"valueRequired\":true,\"valueName\":\"search_term_string\"}}],\"inLanguage\":\"ro-RO\"},{\"@type\":\"Organization\",\"@id\":\"https:\/\/salutdobrogea.ro\/#organization\",\"name\":\"SALUT DOBROGEA!\",\"url\":\"https:\/\/salutdobrogea.ro\/\",\"logo\":{\"@type\":\"ImageObject\",\"inLanguage\":\"ro-RO\",\"@id\":\"https:\/\/salutdobrogea.ro\/#\/schema\/logo\/image\/\",\"url\":\"https:\/\/salutdobrogea.ro\/wp-content\/uploads\/2021\/09\/Logo-SD_Left-Dark.png\",\"contentUrl\":\"https:\/\/salutdobrogea.ro\/wp-content\/uploads\/2021\/09\/Logo-SD_Left-Dark.png\",\"width\":3978,\"height\":840,\"caption\":\"SALUT DOBROGEA!\"},\"image\":{\"@id\":\"https:\/\/salutdobrogea.ro\/#\/schema\/logo\/image\/\"},\"sameAs\":[\"https:\/\/www.facebook.com\/Salut-Dobrogea-ziar-regional-109038338217571\"]},{\"@type\":\"Person\",\"@id\":\"https:\/\/salutdobrogea.ro\/#\/schema\/person\/6152864c46cdd7823847958c4fc772e7\",\"name\":\"Manuela\",\"image\":{\"@type\":\"ImageObject\",\"inLanguage\":\"ro-RO\",\"@id\":\"https:\/\/secure.gravatar.com\/avatar\/9847f1f2b090393f0d7d57ca39c4ff347bc909dc560d61356a9f599f9ef16172?s=96&d=mm&r=g\",\"url\":\"https:\/\/secure.gravatar.com\/avatar\/9847f1f2b090393f0d7d57ca39c4ff347bc909dc560d61356a9f599f9ef16172?s=96&d=mm&r=g\",\"contentUrl\":\"https:\/\/secure.gravatar.com\/avatar\/9847f1f2b090393f0d7d57ca39c4ff347bc909dc560d61356a9f599f9ef16172?s=96&d=mm&r=g\",\"caption\":\"Manuela\"},\"url\":\"https:\/\/salutdobrogea.ro\/index.php\/author\/manuela\/\"}]}<\/script>\n<!-- \/ Yoast SEO plugin. -->","yoast_head_json":{"title":"Sear\u0103 de poezie, la Medgidia - SALUT DOBROGEA!","description":"La Casa de Cultur\u0103 ,,I.N. Roman\u201d Medgidia au loc dou\u0103 evenimente culturale: trei volume de poezie vor fi lansate \u00een prezen\u021ba cititorilor.","robots":{"index":"index","follow":"follow","max-snippet":"max-snippet:-1","max-image-preview":"max-image-preview:large","max-video-preview":"max-video-preview:-1"},"canonical":"https:\/\/salutdobrogea.ro\/index.php\/2025\/11\/25\/seara-de-poezie-la-medgidia\/","og_locale":"ro_RO","og_type":"article","og_title":"Sear\u0103 de poezie, la Medgidia - SALUT DOBROGEA!","og_description":"La Casa de Cultur\u0103 ,,I.N. Roman\u201d Medgidia au loc dou\u0103 evenimente culturale: trei volume de poezie vor fi lansate \u00een prezen\u021ba cititorilor.","og_url":"https:\/\/salutdobrogea.ro\/index.php\/2025\/11\/25\/seara-de-poezie-la-medgidia\/","og_site_name":"SALUT DOBROGEA!","article_publisher":"https:\/\/www.facebook.com\/Salut-Dobrogea-ziar-regional-109038338217571","article_published_time":"2025-11-25T09:36:47+00:00","article_modified_time":"2025-11-25T11:41:58+00:00","og_image":[{"width":1369,"height":813,"url":"https:\/\/salutdobrogea.ro\/wp-content\/uploads\/2025\/11\/poza-deschidere.jpg","type":"image\/jpeg"}],"author":"Manuela","twitter_card":"summary_large_image","twitter_misc":{"Scris de":"Manuela","Timp estimat pentru citire":"2 minute"},"schema":{"@context":"https:\/\/schema.org","@graph":[{"@type":"Article","@id":"https:\/\/salutdobrogea.ro\/index.php\/2025\/11\/25\/seara-de-poezie-la-medgidia\/#article","isPartOf":{"@id":"https:\/\/salutdobrogea.ro\/index.php\/2025\/11\/25\/seara-de-poezie-la-medgidia\/"},"author":{"name":"Manuela","@id":"https:\/\/salutdobrogea.ro\/#\/schema\/person\/6152864c46cdd7823847958c4fc772e7"},"headline":"Sear\u0103 de poezie, la Medgidia","datePublished":"2025-11-25T09:36:47+00:00","dateModified":"2025-11-25T11:41:58+00:00","mainEntityOfPage":{"@id":"https:\/\/salutdobrogea.ro\/index.php\/2025\/11\/25\/seara-de-poezie-la-medgidia\/"},"wordCount":245,"commentCount":0,"publisher":{"@id":"https:\/\/salutdobrogea.ro\/#organization"},"image":{"@id":"https:\/\/salutdobrogea.ro\/index.php\/2025\/11\/25\/seara-de-poezie-la-medgidia\/#primaryimage"},"thumbnailUrl":"https:\/\/salutdobrogea.ro\/wp-content\/uploads\/2025\/11\/poza-deschidere.jpg","keywords":["bibliotec\u0103","Casa de Cultur\u0103 Ioan N Roman Medgidia","C\u0103t\u0103lina Claudia Nedelea","cititori","lansare de carte","Medgidia","poezie","Rodica Lakatos"],"articleSection":["Salut, Medgidia!"],"inLanguage":"ro-RO","potentialAction":[{"@type":"CommentAction","name":"Comment","target":["https:\/\/salutdobrogea.ro\/index.php\/2025\/11\/25\/seara-de-poezie-la-medgidia\/#respond"]}]},{"@type":"WebPage","@id":"https:\/\/salutdobrogea.ro\/index.php\/2025\/11\/25\/seara-de-poezie-la-medgidia\/","url":"https:\/\/salutdobrogea.ro\/index.php\/2025\/11\/25\/seara-de-poezie-la-medgidia\/","name":"Sear\u0103 de poezie, la Medgidia - SALUT DOBROGEA!","isPartOf":{"@id":"https:\/\/salutdobrogea.ro\/#website"},"primaryImageOfPage":{"@id":"https:\/\/salutdobrogea.ro\/index.php\/2025\/11\/25\/seara-de-poezie-la-medgidia\/#primaryimage"},"image":{"@id":"https:\/\/salutdobrogea.ro\/index.php\/2025\/11\/25\/seara-de-poezie-la-medgidia\/#primaryimage"},"thumbnailUrl":"https:\/\/salutdobrogea.ro\/wp-content\/uploads\/2025\/11\/poza-deschidere.jpg","datePublished":"2025-11-25T09:36:47+00:00","dateModified":"2025-11-25T11:41:58+00:00","description":"La Casa de Cultur\u0103 ,,I.N. Roman\u201d Medgidia au loc dou\u0103 evenimente culturale: trei volume de poezie vor fi lansate \u00een prezen\u021ba cititorilor.","breadcrumb":{"@id":"https:\/\/salutdobrogea.ro\/index.php\/2025\/11\/25\/seara-de-poezie-la-medgidia\/#breadcrumb"},"inLanguage":"ro-RO","potentialAction":[{"@type":"ReadAction","target":["https:\/\/salutdobrogea.ro\/index.php\/2025\/11\/25\/seara-de-poezie-la-medgidia\/"]}]},{"@type":"ImageObject","inLanguage":"ro-RO","@id":"https:\/\/salutdobrogea.ro\/index.php\/2025\/11\/25\/seara-de-poezie-la-medgidia\/#primaryimage","url":"https:\/\/salutdobrogea.ro\/wp-content\/uploads\/2025\/11\/poza-deschidere.jpg","contentUrl":"https:\/\/salutdobrogea.ro\/wp-content\/uploads\/2025\/11\/poza-deschidere.jpg","width":1369,"height":813},{"@type":"BreadcrumbList","@id":"https:\/\/salutdobrogea.ro\/index.php\/2025\/11\/25\/seara-de-poezie-la-medgidia\/#breadcrumb","itemListElement":[{"@type":"ListItem","position":1,"name":"Prima pagin\u0103","item":"https:\/\/salutdobrogea.ro\/"},{"@type":"ListItem","position":2,"name":"Sear\u0103 de poezie, la Medgidia"}]},{"@type":"WebSite","@id":"https:\/\/salutdobrogea.ro\/#website","url":"https:\/\/salutdobrogea.ro\/","name":"SALUT DOBROGEA!","description":"ziar de informare \u0219i atitudine","publisher":{"@id":"https:\/\/salutdobrogea.ro\/#organization"},"potentialAction":[{"@type":"SearchAction","target":{"@type":"EntryPoint","urlTemplate":"https:\/\/salutdobrogea.ro\/?s={search_term_string}"},"query-input":{"@type":"PropertyValueSpecification","valueRequired":true,"valueName":"search_term_string"}}],"inLanguage":"ro-RO"},{"@type":"Organization","@id":"https:\/\/salutdobrogea.ro\/#organization","name":"SALUT DOBROGEA!","url":"https:\/\/salutdobrogea.ro\/","logo":{"@type":"ImageObject","inLanguage":"ro-RO","@id":"https:\/\/salutdobrogea.ro\/#\/schema\/logo\/image\/","url":"https:\/\/salutdobrogea.ro\/wp-content\/uploads\/2021\/09\/Logo-SD_Left-Dark.png","contentUrl":"https:\/\/salutdobrogea.ro\/wp-content\/uploads\/2021\/09\/Logo-SD_Left-Dark.png","width":3978,"height":840,"caption":"SALUT DOBROGEA!"},"image":{"@id":"https:\/\/salutdobrogea.ro\/#\/schema\/logo\/image\/"},"sameAs":["https:\/\/www.facebook.com\/Salut-Dobrogea-ziar-regional-109038338217571"]},{"@type":"Person","@id":"https:\/\/salutdobrogea.ro\/#\/schema\/person\/6152864c46cdd7823847958c4fc772e7","name":"Manuela","image":{"@type":"ImageObject","inLanguage":"ro-RO","@id":"https:\/\/secure.gravatar.com\/avatar\/9847f1f2b090393f0d7d57ca39c4ff347bc909dc560d61356a9f599f9ef16172?s=96&d=mm&r=g","url":"https:\/\/secure.gravatar.com\/avatar\/9847f1f2b090393f0d7d57ca39c4ff347bc909dc560d61356a9f599f9ef16172?s=96&d=mm&r=g","contentUrl":"https:\/\/secure.gravatar.com\/avatar\/9847f1f2b090393f0d7d57ca39c4ff347bc909dc560d61356a9f599f9ef16172?s=96&d=mm&r=g","caption":"Manuela"},"url":"https:\/\/salutdobrogea.ro\/index.php\/author\/manuela\/"}]}},"_links":{"self":[{"href":"https:\/\/salutdobrogea.ro\/index.php\/wp-json\/wp\/v2\/posts\/10661","targetHints":{"allow":["GET"]}}],"collection":[{"href":"https:\/\/salutdobrogea.ro\/index.php\/wp-json\/wp\/v2\/posts"}],"about":[{"href":"https:\/\/salutdobrogea.ro\/index.php\/wp-json\/wp\/v2\/types\/post"}],"author":[{"embeddable":true,"href":"https:\/\/salutdobrogea.ro\/index.php\/wp-json\/wp\/v2\/users\/3"}],"replies":[{"embeddable":true,"href":"https:\/\/salutdobrogea.ro\/index.php\/wp-json\/wp\/v2\/comments?post=10661"}],"version-history":[{"count":5,"href":"https:\/\/salutdobrogea.ro\/index.php\/wp-json\/wp\/v2\/posts\/10661\/revisions"}],"predecessor-version":[{"id":10671,"href":"https:\/\/salutdobrogea.ro\/index.php\/wp-json\/wp\/v2\/posts\/10661\/revisions\/10671"}],"wp:featuredmedia":[{"embeddable":true,"href":"https:\/\/salutdobrogea.ro\/index.php\/wp-json\/wp\/v2\/media\/10672"}],"wp:attachment":[{"href":"https:\/\/salutdobrogea.ro\/index.php\/wp-json\/wp\/v2\/media?parent=10661"}],"wp:term":[{"taxonomy":"category","embeddable":true,"href":"https:\/\/salutdobrogea.ro\/index.php\/wp-json\/wp\/v2\/categories?post=10661"},{"taxonomy":"post_tag","embeddable":true,"href":"https:\/\/salutdobrogea.ro\/index.php\/wp-json\/wp\/v2\/tags?post=10661"}],"curies":[{"name":"wp","href":"https:\/\/api.w.org\/{rel}","templated":true}]}}